{"id":9659,"date":"2024-04-02T15:47:17","date_gmt":"2024-04-02T18:47:17","guid":{"rendered":"https:\/\/www.ifbaiano.edu.br\/unidades\/urucuca\/?p=9659"},"modified":"2024-09-17T10:24:53","modified_gmt":"2024-09-17T13:24:53","slug":"edital-de-inscricao-para-adesao-ao-programa-de-gestao-do-teletrabalho-2024-campus-urucuca","status":"publish","type":"post","link":"https:\/\/www.ifbaiano.edu.br\/unidades\/urucuca\/2024\/04\/02\/edital-de-inscricao-para-adesao-ao-programa-de-gestao-do-teletrabalho-2024-campus-urucuca\/","title":{"rendered":"Edital de Inscri\u00e7\u00e3o para Ades\u00e3o ao Programa de Gest\u00e3o do Teletrabalho 2024 &#8211; Campus Uru\u00e7uca"},"content":{"rendered":"\n<p>O DIRETOR-GERAL DO INSTITUTO FEDERAL DE EDUCA\u00c7\u00c3O, CI\u00caNCIA E TECNOLOGIA BAIANO (IF BAIANO) \u2013 CAMPUS URU\u00c7UCA, no uso de suas atribui\u00e7\u00f5es legais conferidas pela Portaria n\u00ba 285, de 18\/03\/2022, publicada no DOU de 21\/03\/2022, e de acordo com as disposic\u0327o\u0303es con9das na Lei no 11.892, de 29\/12\/2018, e na Lei no 8.112\/1990, e tendo em vista a Resoluc\u0327a\u0303o CONSUP 182\/2022 &#8211; OS-CONSUP\/IF<br>BAIANO, de 1 de fevereiro de 2022, que aprova o Programa de Gesta\u0303o do Teletrabalho no a\u0302mbito do IF Baiano, em especial na modalidade teletrabalho, Resoluc\u0327a\u0303o 225\/2022 &#8211; OS-CONSUP\/IFBAIANO, de 3 de agosto de 2022, que aprova a alterac\u0327a\u0303o do Programa de Gesta\u0303o do Teletrabalho, e conforme disposic\u0327o\u0303es con9das na Portaria 02\/2022\/RET-SCS\/RET-GA, de 18 de fevereiro de 2022 e Nota Te\u0301cnica SEI  2923\/2021\/ME, torna pu\u0301blica a CHAMADA P\u00daBLICA N\u00ba 01\/2023 PARA ADESABO AO PROGRAMA DE GESTABO DO TELETRABALHO REGIME DE EXECUC\u0327ABO PARCIAL\/TOTAL, referente ao Edital N\u00ba 12 DE 15 DE JUNHO DE 2023 , do IF Baiano &#8211; Campus Uru\u00e7uca.<\/p>\n\n\n\n<p class=\"has-white-color has-text-color has-background\" style=\"background-color:#045c06\"><strong>INSCRI\u00c7\u00d5ES<\/strong><\/p>\n\n\n\n<p><strong>Per\u00edodo de Inscri\u00e7\u00f5es &#8211; 09 a 10 de Setembro de 2024<\/strong><br><a href=\"https:\/\/suap.ifbaiano.edu.br\/programa_gestao\/inscricao\/116\/\">https:\/\/suap.ifbaiano.edu.br\/programa_gestao\/inscricao\/116\/<\/a><\/p>\n\n\n\n<p class=\"has-white-color has-text-color has-background\" style=\"background-color:#045c06\"><strong>DOCUMENTOS<\/strong><\/p>\n\n\n\n<p><strong>Chamada P\u00fablica 02\/2024<\/strong> <\/p>\n\n\n\n<p><strong><a rel=\"noreferrer noopener\" href=\"https:\/\/www.ifbaiano.edu.br\/unidades\/urucuca\/files\/2024\/09\/ortaria-de-Homologacao-da-CHAMADA-PUBLICA-No-02-2024.pdf\" data-type=\"URL\" data-id=\"https:\/\/www.ifbaiano.edu.br\/unidades\/urucuca\/files\/2024\/09\/ortaria-de-Homologacao-da-CHAMADA-PUBLICA-No-02-2024.pdf\" target=\"_blank\">Homologa\u00e7\u00e3o do Resultado Final da Chamada p\u00fablica N\u00ba 02\/2024<\/a><br><a rel=\"noreferrer noopener\" href=\"https:\/\/www.ifbaiano.edu.br\/unidades\/urucuca\/files\/2024\/09\/Divulgacao-do-Resultado-Final-CHAMADA-PUBLICA-No-02-2024.pdf\" target=\"_blank\">Resultado Final<\/a><\/strong><br><a rel=\"noreferrer noopener\" href=\"https:\/\/www.ifbaiano.edu.br\/unidades\/urucuca\/files\/2024\/09\/Recursos-e-homologacao-das-inscricoes-chamada-02-2024-Teletrabalho.pdf\" target=\"_blank\">Resultado dos recursos e homologa\u00e7\u00e3o das inscri\u00e7\u00f5es<\/a><br><a rel=\"noreferrer noopener\" href=\"https:\/\/www.ifbaiano.edu.br\/unidades\/urucuca\/files\/2024\/09\/Publicacao-do-resultado-preliminar-das-inscricoes-teletrabalho.pdf\" target=\"_blank\">Resultado Preliminar<\/a><br><a rel=\"noreferrer noopener\" href=\"https:\/\/www.ifbaiano.edu.br\/unidades\/urucuca\/files\/2024\/09\/PORTARIA-58-2024.pdf\" target=\"_blank\">Portaria 58\/2024<\/a> &#8211; Prorroga a vig\u00eancia do Edital n\u00ba 12, de 15 de Junho de 2023<br><a rel=\"noreferrer noopener\" href=\"https:\/\/www.ifbaiano.edu.br\/unidades\/urucuca\/files\/2024\/09\/CHAMADA-PUBLICA-02-2024.pdf\" data-type=\"URL\" data-id=\"https:\/\/www.ifbaiano.edu.br\/unidades\/urucuca\/files\/2024\/09\/CHAMADA-PUBLICA-02-2024.pdf\" target=\"_blank\">CHAMADA P\u00daBLICA N\u00ba 02\/2024<\/a><br><\/p>\n\n\n\n<p><strong>Chamada P\u00fablica 01\/2024<\/strong> <\/p>\n\n\n\n<p><a rel=\"noreferrer noopener\" href=\"https:\/\/www.ifbaiano.edu.br\/unidades\/urucuca\/files\/2024\/04\/Homologacao-da-Chamada-Publica-de-No-01-2024.pdf\" data-type=\"URL\" data-id=\"https:\/\/www.ifbaiano.edu.br\/unidades\/urucuca\/files\/2024\/04\/Homologacao-da-Chamada-Publica-de-No-01-2024.pdf\" target=\"_blank\">Homologa\u00e7\u00e3o do resultado da Chamada P\u00fablica N\u00ba 01\/2024<\/a><br><a rel=\"noreferrer noopener\" href=\"https:\/\/www.ifbaiano.edu.br\/unidades\/urucuca\/files\/2024\/04\/RESULTADO-FINAL.pdf\" data-type=\"URL\" data-id=\"https:\/\/www.ifbaiano.edu.br\/unidades\/urucuca\/files\/2024\/04\/RESULTADO-FINAL.pdf\" target=\"_blank\">RESULTADO FINAL<br><\/a><a rel=\"noreferrer noopener\" href=\"https:\/\/www.ifbaiano.edu.br\/unidades\/urucuca\/files\/2024\/04\/REFERENTE-AO-EDITAL-No-12-DE-15-DE-JUNHO-DE-2023.pdf\" data-type=\"URL\" data-id=\"https:\/\/www.ifbaiano.edu.br\/unidades\/urucuca\/files\/2024\/04\/REFERENTE-AO-EDITAL-No-12-DE-15-DE-JUNHO-DE-2023.pdf\" target=\"_blank\">Resultado de recursos e homologa\u00e7\u00e3o das inscri\u00e7\u00f5es<br><\/a><a rel=\"noreferrer noopener\" href=\"https:\/\/www.ifbaiano.edu.br\/unidades\/urucuca\/files\/2024\/04\/Publicacao-do-resultado-preliminar-das-inscricoes-da-Chamada-Publica-01-2024.pdf\" data-type=\"URL\" data-id=\"https:\/\/www.ifbaiano.edu.br\/unidades\/urucuca\/files\/2024\/04\/Publicacao-do-resultado-preliminar-das-inscricoes-da-Chamada-Publica-01-2024.pdf\" target=\"_blank\">Resultado preliminar das inscri\u00e7\u00f5es da Chamada P\u00fablica 01\/2024<\/a><br><a rel=\"noreferrer noopener\" href=\"https:\/\/www.ifbaiano.edu.br\/unidades\/urucuca\/files\/2024\/04\/CHAMADA-PUBLICA-No-01-2024.pdf\" data-type=\"URL\" data-id=\"https:\/\/www.ifbaiano.edu.br\/unidades\/urucuca\/files\/2024\/04\/CHAMADA-PUBLICA-No-01-2024.pdf\" target=\"_blank\">CHAMADA P\u00daBLICA N\u00ba 01 2024<\/a><\/p>\n\n\n\n<p><\/p>\n\n\n\n<p><a rel=\"noreferrer noopener\" href=\"https:\/\/www.ifbaiano.edu.br\/unidades\/urucuca\/files\/2023\/07\/portaria-62.2023.pdf\" target=\"_blank\">Portaria 62\/2023 \u2013 Homologa\u00e7\u00e3o do Edital 12\/2023<\/a><br><a rel=\"noreferrer noopener\" href=\"https:\/\/www.ifbaiano.edu.br\/unidades\/urucuca\/files\/2023\/06\/EDITAL-DE-INSCRICAO-PARA-ADESAO-AO-PROGRAMA-DE-GESTAO-DO-TELETRABALHO.pdf\" data-type=\"URL\" data-id=\"https:\/\/www.ifbaiano.edu.br\/unidades\/urucuca\/files\/2023\/06\/EDITAL-DE-INSCRICAO-PARA-ADESAO-AO-PROGRAMA-DE-GESTAO-DO-TELETRABALHO.pdf\" target=\"_blank\">EDITAL n\u00ba 12, de 15 de Junho de 2023 &#8211; INSCRI\u00c7\u00c3O PARA ADES\u00c3O AO PROGRAMA DE GEST\u00c3O DO TELETRABALHO<\/a><\/p>\n","protected":false},"excerpt":{"rendered":"<p>O DIRETOR-GERAL DO INSTITUTO FEDERAL DE EDUCA\u00c7\u00c3O, CI\u00caNCIA E TECNOLOGIA BAIANO (IF BAIANO) \u2013 CAMPUS URU\u00c7UCA, no uso de suas atribui\u00e7\u00f5es legais conferidas pela Portaria n\u00ba 285, de 18\/03\/2022, publicada no DOU de 21\/03\/2022, e de acordo com as disposic\u0327o\u0303es con9das na Lei no 11.892, de 29\/12\/2018, e na Lei no 8.112\/1990, e tendo em [&hellip;]<\/p>\n","protected":false},"author":154,"featured_media":0,"comment_status":"closed","ping_status":"open","sticky":false,"template":"","format":"standard","meta":[],"categories":[24],"tags":[137],"_links":{"self":[{"href":"https:\/\/www.ifbaiano.edu.br\/unidades\/urucuca\/wp-json\/wp\/v2\/posts\/9659"}],"collection":[{"href":"https:\/\/www.ifbaiano.edu.br\/unidades\/urucuca\/wp-json\/wp\/v2\/posts"}],"about":[{"href":"https:\/\/www.ifbaiano.edu.br\/unidades\/urucuca\/wp-json\/wp\/v2\/types\/post"}],"author":[{"embeddable":true,"href":"https:\/\/www.ifbaiano.edu.br\/unidades\/urucuca\/wp-json\/wp\/v2\/users\/154"}],"replies":[{"embeddable":true,"href":"https:\/\/www.ifbaiano.edu.br\/unidades\/urucuca\/wp-json\/wp\/v2\/comments?post=9659"}],"version-history":[{"count":14,"href":"https:\/\/www.ifbaiano.edu.br\/unidades\/urucuca\/wp-json\/wp\/v2\/posts\/9659\/revisions"}],"predecessor-version":[{"id":10159,"href":"https:\/\/www.ifbaiano.edu.br\/unidades\/urucuca\/wp-json\/wp\/v2\/posts\/9659\/revisions\/10159"}],"wp:attachment":[{"href":"https:\/\/www.ifbaiano.edu.br\/unidades\/urucuca\/wp-json\/wp\/v2\/media?parent=9659"}],"wp:term":[{"taxonomy":"category","embeddable":true,"href":"https:\/\/www.ifbaiano.edu.br\/unidades\/urucuca\/wp-json\/wp\/v2\/categories?post=9659"},{"taxonomy":"post_tag","embeddable":true,"href":"https:\/\/www.ifbaiano.edu.br\/unidades\/urucuca\/wp-json\/wp\/v2\/tags?post=9659"}],"curies":[{"name":"wp","href":"https:\/\/api.w.org\/{rel}","templated":true}]}}