{"id":10004,"date":"2024-12-05T10:39:56","date_gmt":"2024-12-05T13:39:56","guid":{"rendered":"https:\/\/www.ifbaiano.edu.br\/unidades\/valenca\/?p=10004"},"modified":"2024-12-05T10:40:47","modified_gmt":"2024-12-05T13:40:47","slug":"campus-valenca-promovera-a-i-semana-de-enfrentamento-ao-hiv-e-outras-ists","status":"publish","type":"post","link":"https:\/\/www.ifbaiano.edu.br\/unidades\/valenca\/2024\/12\/05\/campus-valenca-promovera-a-i-semana-de-enfrentamento-ao-hiv-e-outras-ists\/","title":{"rendered":"Campus Valen\u00e7a promover\u00e1 a I Semana de Enfrentamento ao HIV e outras IST&#8217;S"},"content":{"rendered":"\n<p>A programa\u00e7\u00e3o acontece de 9 a 11 de dezembro e faz parte da mobiliza\u00e7\u00e3o nacional do dezembro vermelho<\/p>\n\n\n\n<figure class=\"wp-block-gallery has-nested-images columns-default is-cropped wp-block-gallery-1 is-layout-flex\">\n<figure class=\"wp-block-image size-large\"><a href=\"https:\/\/www.ifbaiano.edu.br\/unidades\/valenca\/files\/2024\/12\/IMG-20241205-WA0021.jpg\"><img decoding=\"async\" loading=\"lazy\" width=\"1080\" height=\"1080\" data-id=\"10005\"  src=\"https:\/\/www.ifbaiano.edu.br\/unidades\/valenca\/files\/2024\/12\/IMG-20241205-WA0021.jpg\" alt=\"\" class=\"wp-image-10005\" \/><\/a><\/figure>\n<\/figure>\n\n\n\n<p>Dezembro Vermelho marca uma grande mobiliza\u00e7\u00e3o nacional na luta contra o v\u00edrus HIV, a Aids e outras IST (infec\u00e7\u00f5es sexualmente transmiss\u00edveis), chamando a aten\u00e7\u00e3o para a preven\u00e7\u00e3o, a assist\u00eancia e a prote\u00e7\u00e3o dos direitos das pessoas infectadas com o HIV. <\/p>\n\n\n\n<p>O projeto de ensino AIDS: como chegamos at\u00e9 aqui?, organizado pelo professor Diogo Bolsoi em parceria com o Geni, visa abordar o assunto Aids como tema interdisciplinar e como palavra geradora de uma s\u00e9rie de outros assuntos. No final, almeja-se que os discentes consigam aprender uma no\u00e7\u00e3o geral do assunto, al\u00e9m de se inteirar das principais formas de preven\u00e7\u00e3o. Da mesma forma, visa-se estimular os discentes do 3\u00ba ano a transmitir o conhecimento adquirido aos discentes mais novos e aos servidores do campus.<br>Programa\u00e7\u00e3o:<br>Dia 09<br>9h20: exposi\u00e7\u00e3o no p\u00e1tio pelos alunos do 3\u00ba C &#8211; Aids: uma Hist\u00f3ria.<br>Dia 10<br>9h20: exposi\u00e7\u00e3o no p\u00e1tio pelos alunos do 3\u00ba D \u2013 Aids: horizontes de Cura e vida.<br>Dia 11<br>9h20: exposi\u00e7\u00e3o no p\u00e1tio pelos alunos do 3\u00ba A Aids: sociedade e pol\u00edtica no Brasil.<br>9h-12h &#8211; testagem de HIV na enfermaria.<br>13h: exibi\u00e7\u00e3o comentada do document\u00e1rio \u201cCarta para al\u00e9m dos muros\u201d.<\/p>\n","protected":false},"excerpt":{"rendered":"<p>A programa\u00e7\u00e3o acontece de 9 a 11 de dezembro e faz parte da mobiliza\u00e7\u00e3o nacional do dezembro vermelho Dezembro Vermelho marca uma grande mobiliza\u00e7\u00e3o nacional na luta contra o v\u00edrus HIV, a Aids e outras IST (infec\u00e7\u00f5es sexualmente transmiss\u00edveis), chamando a aten\u00e7\u00e3o para a preven\u00e7\u00e3o, a assist\u00eancia e a prote\u00e7\u00e3o dos direitos das pessoas infectadas [&hellip;]<\/p>\n","protected":false},"author":171,"featured_media":10005,"comment_status":"open","ping_status":"open","sticky":false,"template":"","format":"standard","meta":[],"categories":[5,63],"tags":[],"_links":{"self":[{"href":"https:\/\/www.ifbaiano.edu.br\/unidades\/valenca\/wp-json\/wp\/v2\/posts\/10004"}],"collection":[{"href":"https:\/\/www.ifbaiano.edu.br\/unidades\/valenca\/wp-json\/wp\/v2\/posts"}],"about":[{"href":"https:\/\/www.ifbaiano.edu.br\/unidades\/valenca\/wp-json\/wp\/v2\/types\/post"}],"author":[{"embeddable":true,"href":"https:\/\/www.ifbaiano.edu.br\/unidades\/valenca\/wp-json\/wp\/v2\/users\/171"}],"replies":[{"embeddable":true,"href":"https:\/\/www.ifbaiano.edu.br\/unidades\/valenca\/wp-json\/wp\/v2\/comments?post=10004"}],"version-history":[{"count":1,"href":"https:\/\/www.ifbaiano.edu.br\/unidades\/valenca\/wp-json\/wp\/v2\/posts\/10004\/revisions"}],"predecessor-version":[{"id":10006,"href":"https:\/\/www.ifbaiano.edu.br\/unidades\/valenca\/wp-json\/wp\/v2\/posts\/10004\/revisions\/10006"}],"wp:featuredmedia":[{"embeddable":true,"href":"https:\/\/www.ifbaiano.edu.br\/unidades\/valenca\/wp-json\/wp\/v2\/media\/10005"}],"wp:attachment":[{"href":"https:\/\/www.ifbaiano.edu.br\/unidades\/valenca\/wp-json\/wp\/v2\/media?parent=10004"}],"wp:term":[{"taxonomy":"category","embeddable":true,"href":"https:\/\/www.ifbaiano.edu.br\/unidades\/valenca\/wp-json\/wp\/v2\/categories?post=10004"},{"taxonomy":"post_tag","embeddable":true,"href":"https:\/\/www.ifbaiano.edu.br\/unidades\/valenca\/wp-json\/wp\/v2\/tags?post=10004"}],"curies":[{"name":"wp","href":"https:\/\/api.w.org\/{rel}","templated":true}]}}