{"id":10009,"date":"2024-12-13T11:11:01","date_gmt":"2024-12-13T14:11:01","guid":{"rendered":"https:\/\/www.ifbaiano.edu.br\/unidades\/valenca\/?p=10009"},"modified":"2024-12-13T11:11:03","modified_gmt":"2024-12-13T14:11:03","slug":"edital-de-matricula-para-o-curso-de-pos-graduacao-lato-sensu-em-meio-ambiente-e-agroecologia","status":"publish","type":"post","link":"https:\/\/www.ifbaiano.edu.br\/unidades\/valenca\/2024\/12\/13\/edital-de-matricula-para-o-curso-de-pos-graduacao-lato-sensu-em-meio-ambiente-e-agroecologia\/","title":{"rendered":"Edital de matr\u00edcula para o curso de P\u00f3s-gradua\u00e7\u00e3o Lato Sensu em Meio Ambiente e Agroecologia"},"content":{"rendered":"\n<figure class=\"wp-block-image size-full\"><a href=\"https:\/\/www.ifbaiano.edu.br\/unidades\/valenca\/files\/2024\/12\/Screenshot_20241213_110957_Canva.jpg\"><img decoding=\"async\" loading=\"lazy\" width=\"987\" height=\"1234\" src=\"https:\/\/www.ifbaiano.edu.br\/unidades\/valenca\/files\/2024\/12\/Screenshot_20241213_110957_Canva.jpg\" alt=\"\" class=\"wp-image-10011\" \/><\/a><\/figure>\n\n\n\n<p>As matr\u00edculas s\u00e3o presenciais e podem ser realizadas de 16 a 20 de dezembro de 2024<\/p>\n\n\n\n<p>O Diretor-Geral do Instuto Federal de Educa\u00e7\u00e3o, Ci\u00eancia e Tecnologia Baiano, Campus Valen\u00e7a, nomeado sob Portaria N\u00ba 286, de 18\/03\/2022, no D.O.U. de 21\/03\/2022, de acordo com as disposi\u00e7\u00f5es da legisla\u00e7\u00e3o em vigor, TORNA P\u00daBLICO, atrav\u00e9s deste Edital, as condi\u00e7\u00f5es de matr\u00edcula dos(as) candidatos(as)APROVADOS(AS), para o CURSO DE P\u00d3S-GRADUA\u00c7\u00c3O LATO SENSU EM MEIO AMBIENTE E AGROECOLOGIA PARA O CAMPUS VALEN\u00c7A. conforme Edital n\u00ba 189, de 04 de setembro de 2024. <\/p>\n\n\n\n<p>Acesse aqui o edital:<\/p>\n\n\n\n<div class=\"wp-block-file\"><object class=\"wp-block-file__embed\" data=\"https:\/\/www.ifbaiano.edu.br\/unidades\/valenca\/files\/2024\/12\/EDITAL-No-26-DE-13-DE-DEZEMBRO-DE-2024.pdf\" type=\"application\/pdf\" style=\"width:100%;height:600px\" aria-label=\"Incorporado de EDITAL-No-26-DE-13-DE-DEZEMBRO-DE-2024.\"><\/object><a id=\"wp-block-file--media-3a09f710-12be-4805-8a19-e1a306d3a234\" href=\"https:\/\/www.ifbaiano.edu.br\/unidades\/valenca\/files\/2024\/12\/EDITAL-No-26-DE-13-DE-DEZEMBRO-DE-2024.pdf\">EDITAL-No-26-DE-13-DE-DEZEMBRO-DE-2024<\/a><a href=\"https:\/\/www.ifbaiano.edu.br\/unidades\/valenca\/files\/2024\/12\/EDITAL-No-26-DE-13-DE-DEZEMBRO-DE-2024.pdf\" class=\"wp-block-file__button wp-element-button\" download aria-describedby=\"wp-block-file--media-3a09f710-12be-4805-8a19-e1a306d3a234\">Baixar<\/a><\/div>\n","protected":false},"excerpt":{"rendered":"<p>As matr\u00edculas s\u00e3o presenciais e podem ser realizadas de 16 a 20 de dezembro de 2024 O Diretor-Geral do Instuto Federal de Educa\u00e7\u00e3o, Ci\u00eancia e Tecnologia Baiano, Campus Valen\u00e7a, nomeado sob Portaria N\u00ba 286, de 18\/03\/2022, no D.O.U. de 21\/03\/2022, de acordo com as disposi\u00e7\u00f5es da legisla\u00e7\u00e3o em vigor, TORNA P\u00daBLICO, atrav\u00e9s deste Edital, as [&hellip;]<\/p>\n","protected":false},"author":171,"featured_media":10011,"comment_status":"open","ping_status":"open","sticky":false,"template":"","format":"standard","meta":[],"categories":[5],"tags":[],"_links":{"self":[{"href":"https:\/\/www.ifbaiano.edu.br\/unidades\/valenca\/wp-json\/wp\/v2\/posts\/10009"}],"collection":[{"href":"https:\/\/www.ifbaiano.edu.br\/unidades\/valenca\/wp-json\/wp\/v2\/posts"}],"about":[{"href":"https:\/\/www.ifbaiano.edu.br\/unidades\/valenca\/wp-json\/wp\/v2\/types\/post"}],"author":[{"embeddable":true,"href":"https:\/\/www.ifbaiano.edu.br\/unidades\/valenca\/wp-json\/wp\/v2\/users\/171"}],"replies":[{"embeddable":true,"href":"https:\/\/www.ifbaiano.edu.br\/unidades\/valenca\/wp-json\/wp\/v2\/comments?post=10009"}],"version-history":[{"count":1,"href":"https:\/\/www.ifbaiano.edu.br\/unidades\/valenca\/wp-json\/wp\/v2\/posts\/10009\/revisions"}],"predecessor-version":[{"id":10012,"href":"https:\/\/www.ifbaiano.edu.br\/unidades\/valenca\/wp-json\/wp\/v2\/posts\/10009\/revisions\/10012"}],"wp:featuredmedia":[{"embeddable":true,"href":"https:\/\/www.ifbaiano.edu.br\/unidades\/valenca\/wp-json\/wp\/v2\/media\/10011"}],"wp:attachment":[{"href":"https:\/\/www.ifbaiano.edu.br\/unidades\/valenca\/wp-json\/wp\/v2\/media?parent=10009"}],"wp:term":[{"taxonomy":"category","embeddable":true,"href":"https:\/\/www.ifbaiano.edu.br\/unidades\/valenca\/wp-json\/wp\/v2\/categories?post=10009"},{"taxonomy":"post_tag","embeddable":true,"href":"https:\/\/www.ifbaiano.edu.br\/unidades\/valenca\/wp-json\/wp\/v2\/tags?post=10009"}],"curies":[{"name":"wp","href":"https:\/\/api.w.org\/{rel}","templated":true}]}}