{"id":1001,"date":"2011-11-09T13:08:25","date_gmt":"2011-11-09T13:08:25","guid":{"rendered":"http:\/\/www.ifbaiano.edu.br\/unidades\/valenca\/?p=1001"},"modified":"2011-11-09T13:08:25","modified_gmt":"2011-11-09T13:08:25","slug":"banco-do-nordeste-realiza-oficinas-para-divulgar-programa-banco-do-nordeste-de-cultura-2012","status":"publish","type":"post","link":"https:\/\/www.ifbaiano.edu.br\/unidades\/valenca\/2011\/11\/09\/banco-do-nordeste-realiza-oficinas-para-divulgar-programa-banco-do-nordeste-de-cultura-2012\/","title":{"rendered":"Banco do Nordeste realiza oficinas para divulgar Programa Banco do Nordeste de Cultura 2012"},"content":{"rendered":"<p>O Banco do Nordeste realizar\u00e1 um elenco de oficina de elabora\u00e7\u00e3o de projetos culturais em 79 cidades dos 11 estados da sua \u00e1rea de atua\u00e7\u00e3o (Nordeste, Norte de Minas Gerais e do Esp\u00edrito Santo), no per\u00edodo de 21 de outubro a 02 de dezembro.<\/p>\n<p>O objetivo das oficinas \u00e9 oferecer maiores oportunidades de acesso aos recursos financeiros do Programa Banco do Nordeste de Cultura \u2013 Edi\u00e7\u00e3o 2012 \u2013 Parceria BNDES, inclusive com o fornecimento detalhado de informa\u00e7\u00f5es sobre preenchimento de formul\u00e1rios de inscri\u00e7\u00e3o. O ingresso nas oficinas \u00e9 gratuito e n\u00e3o h\u00e1 necessidade de inscri\u00e7\u00e3o pr\u00e9via.<\/p>\n<p>O Programa Banco do Nordeste de Cultura \u2013 Parceria BNDES \u00e9 uma linha de patroc\u00ednio direto do Banco do Nordeste, com a parceria do BNDES, para apoio \u00e0 produ\u00e7\u00e3o e difus\u00e3o da cultura nordestina, mediante sele\u00e7\u00e3o p\u00fablica de projetos.<\/p>\n<p>Na Bahia o Programa BNB de Cultura far\u00e1 a oficina para divulga\u00e7\u00e3o e elabora\u00e7\u00e3o de projetos para participar do Edital 2012 nas seguintes cidades: Salvador, 28\/10; Ilh\u00e9us, 07\/11; Paulo Afonso, 08\/11; Feira de Santana, 09\/11; Vit\u00f3ria da Conquista, 10\/11; Irec\u00ea, 10\/11; Len\u00e7\u00f3is, 11\/11; Amargosa, 11\/11; Po\u00e7\u00f5es, 11\/11; Cachoeira, 12\/11; Rio de Contas, 12\/11; e Barreiras, 17\/11.<\/p>\n<p>No munic\u00edpio de Amargosa, na pr\u00f3xima sexta-feira, dia 11\/11\/2011, o encontro ser\u00e1 na CASA DO DUCA (Casa de Cultura), na Rua Moreira Coelho, 39, pr\u00f3ximo \u00e0 C\u00e2mara de Vereadores de Amargosa, das 08:00 \u00e0s 12:00 horas.<\/p>\n<p>Vejam o Edital no site <a href=\"http:\/\/www.bnb.gov.br\/\" target=\"_blank\">www.bnb.gov.br<\/a><\/p>\n<p>Contatos para confirma\u00e7\u00e3o da sua participa\u00e7\u00e3o:<\/p>\n<p>Dila Lomanto (75-8124.6115)<\/p>\n<p>Paulinho Rocha (75-8124.6310)<\/p>\n<p align=\"right\">\n<p><em>Fonte: M\u00e1rio S\u00e9rgio &#8211; do BNB.<\/em><\/p>\n<p>&nbsp;<\/p>\n","protected":false},"excerpt":{"rendered":"<p>O Banco do Nordeste realizar\u00e1 um elenco de oficina de elabora\u00e7\u00e3o de projetos culturais em 79 cidades dos 11 estados da sua \u00e1rea de atua\u00e7\u00e3o (Nordeste, Norte de Minas Gerais e do Esp\u00edrito Santo), no per\u00edodo de 21 de outubro a 02 de dezembro. O objetivo das oficinas \u00e9 oferecer maiores oportunidades de acesso aos [&hellip;]<\/p>\n","protected":false},"author":6,"featured_media":0,"comment_status":"open","ping_status":"open","sticky":false,"template":"","format":"standard","meta":[],"categories":[35,30],"tags":[],"_links":{"self":[{"href":"https:\/\/www.ifbaiano.edu.br\/unidades\/valenca\/wp-json\/wp\/v2\/posts\/1001"}],"collection":[{"href":"https:\/\/www.ifbaiano.edu.br\/unidades\/valenca\/wp-json\/wp\/v2\/posts"}],"about":[{"href":"https:\/\/www.ifbaiano.edu.br\/unidades\/valenca\/wp-json\/wp\/v2\/types\/post"}],"author":[{"embeddable":true,"href":"https:\/\/www.ifbaiano.edu.br\/unidades\/valenca\/wp-json\/wp\/v2\/users\/6"}],"replies":[{"embeddable":true,"href":"https:\/\/www.ifbaiano.edu.br\/unidades\/valenca\/wp-json\/wp\/v2\/comments?post=1001"}],"version-history":[{"count":1,"href":"https:\/\/www.ifbaiano.edu.br\/unidades\/valenca\/wp-json\/wp\/v2\/posts\/1001\/revisions"}],"predecessor-version":[{"id":1002,"href":"https:\/\/www.ifbaiano.edu.br\/unidades\/valenca\/wp-json\/wp\/v2\/posts\/1001\/revisions\/1002"}],"wp:attachment":[{"href":"https:\/\/www.ifbaiano.edu.br\/unidades\/valenca\/wp-json\/wp\/v2\/media?parent=1001"}],"wp:term":[{"taxonomy":"category","embeddable":true,"href":"https:\/\/www.ifbaiano.edu.br\/unidades\/valenca\/wp-json\/wp\/v2\/categories?post=1001"},{"taxonomy":"post_tag","embeddable":true,"href":"https:\/\/www.ifbaiano.edu.br\/unidades\/valenca\/wp-json\/wp\/v2\/tags?post=1001"}],"curies":[{"name":"wp","href":"https:\/\/api.w.org\/{rel}","templated":true}]}}