{"id":1003,"date":"2011-11-09T13:11:28","date_gmt":"2011-11-09T13:11:28","guid":{"rendered":"http:\/\/www.ifbaiano.edu.br\/unidades\/valenca\/?p=1003"},"modified":"2011-11-09T13:11:28","modified_gmt":"2011-11-09T13:11:28","slug":"inscricoes-para-o-afro-xxi-estao-abertas-pela-internet","status":"publish","type":"post","link":"https:\/\/www.ifbaiano.edu.br\/unidades\/valenca\/2011\/11\/09\/inscricoes-para-o-afro-xxi-estao-abertas-pela-internet\/","title":{"rendered":"Inscri\u00e7\u00f5es para o Afro XXI est\u00e3o abertas pela internet"},"content":{"rendered":"<p style=\"text-align: left\" align=\"center\">Est\u00e3o abertas as inscri\u00e7\u00f5es para o <strong>Encontro Ibero-americano do Ano Internacional dos Afrodescendentes (Afro XXI)<\/strong>, que acontecer\u00e1 em Salvador, entre os dias 16 e 19 de novembro, no Centro de Conven\u00e7\u00f5es da Bahia.<\/p>\n<p>Na ocasi\u00e3o, l\u00edderes da sociedade civil, de governos e parlamentares de pa\u00edses ibero-americanos e africanos v\u00e3o se reunir para refletir sobre a realidade da popula\u00e7\u00e3o negra nos pa\u00edses participantes e propor novas a\u00e7\u00f5es que assegurem os direitos dos povos afetados pelo racismo.<\/p>\n<p>Inscri\u00e7\u00f5es podem ser feitas at\u00e9 13\/11 no endere\u00e7o eletr\u00f4nico <a href=\"http:\/\/www.funag.gov.br\/afro21\">www.funag.gov.br\/afro21<\/a><\/p>\n<p>Confira a\u00a0 <a href=\"http:\/\/www.ifbaiano.edu.br\/unidades\/valenca\/files\/2011\/11\/Programacao-Afro-XXI.pdf\">programa\u00e7\u00e3o<\/a><\/p>\n","protected":false},"excerpt":{"rendered":"<p>Est\u00e3o abertas as inscri\u00e7\u00f5es para o Encontro Ibero-americano do Ano Internacional dos Afrodescendentes (Afro XXI), que acontecer\u00e1 em Salvador, entre os dias 16 e 19 de novembro, no Centro de Conven\u00e7\u00f5es da Bahia. Na ocasi\u00e3o, l\u00edderes da sociedade civil, de governos e parlamentares de pa\u00edses ibero-americanos e africanos v\u00e3o se reunir para refletir sobre a [&hellip;]<\/p>\n","protected":false},"author":6,"featured_media":0,"comment_status":"open","ping_status":"open","sticky":false,"template":"","format":"standard","meta":[],"categories":[21],"tags":[],"_links":{"self":[{"href":"https:\/\/www.ifbaiano.edu.br\/unidades\/valenca\/wp-json\/wp\/v2\/posts\/1003"}],"collection":[{"href":"https:\/\/www.ifbaiano.edu.br\/unidades\/valenca\/wp-json\/wp\/v2\/posts"}],"about":[{"href":"https:\/\/www.ifbaiano.edu.br\/unidades\/valenca\/wp-json\/wp\/v2\/types\/post"}],"author":[{"embeddable":true,"href":"https:\/\/www.ifbaiano.edu.br\/unidades\/valenca\/wp-json\/wp\/v2\/users\/6"}],"replies":[{"embeddable":true,"href":"https:\/\/www.ifbaiano.edu.br\/unidades\/valenca\/wp-json\/wp\/v2\/comments?post=1003"}],"version-history":[{"count":2,"href":"https:\/\/www.ifbaiano.edu.br\/unidades\/valenca\/wp-json\/wp\/v2\/posts\/1003\/revisions"}],"predecessor-version":[{"id":1006,"href":"https:\/\/www.ifbaiano.edu.br\/unidades\/valenca\/wp-json\/wp\/v2\/posts\/1003\/revisions\/1006"}],"wp:attachment":[{"href":"https:\/\/www.ifbaiano.edu.br\/unidades\/valenca\/wp-json\/wp\/v2\/media?parent=1003"}],"wp:term":[{"taxonomy":"category","embeddable":true,"href":"https:\/\/www.ifbaiano.edu.br\/unidades\/valenca\/wp-json\/wp\/v2\/categories?post=1003"},{"taxonomy":"post_tag","embeddable":true,"href":"https:\/\/www.ifbaiano.edu.br\/unidades\/valenca\/wp-json\/wp\/v2\/tags?post=1003"}],"curies":[{"name":"wp","href":"https:\/\/api.w.org\/{rel}","templated":true}]}}