{"id":10031,"date":"2025-02-25T15:00:47","date_gmt":"2025-02-25T18:00:47","guid":{"rendered":"https:\/\/www.ifbaiano.edu.br\/unidades\/valenca\/?p=10031"},"modified":"2025-02-25T15:46:35","modified_gmt":"2025-02-25T18:46:35","slug":"ifbaiano-valenca-implanta-tecnologia-de-protecao-sanitaria-de-nascentes-na-fazenda-aldeia","status":"publish","type":"post","link":"https:\/\/www.ifbaiano.edu.br\/unidades\/valenca\/2025\/02\/25\/ifbaiano-valenca-implanta-tecnologia-de-protecao-sanitaria-de-nascentes-na-fazenda-aldeia\/","title":{"rendered":"IF Baiano Valen\u00e7a implanta tecnologia de prote\u00e7\u00e3o sanit\u00e1ria de nascentes na Fazenda Aldeia"},"content":{"rendered":"\n<p>A a\u00e7\u00e3o ocorreu no \u00faltimo dia 22\/02, na Unidade Educativa de Campo, e faz parte do projeto Expedi\u00e7\u00e3o Territorial pela Bacia do Rio Piau\/UNA<\/p>\n\n\n\n<figure class=\"wp-block-image size-large\"><a href=\"https:\/\/www.ifbaiano.edu.br\/unidades\/valenca\/files\/2025\/02\/6298-IMG-20250225-WA0004.webp\"><img decoding=\"async\" loading=\"lazy\" width=\"576\" height=\"1024\" src=\"https:\/\/www.ifbaiano.edu.br\/unidades\/valenca\/files\/2025\/02\/6298-IMG-20250225-WA0004-576x1024.webp\" alt=\"\" class=\"wp-image-10032\" srcset=\"https:\/\/www.ifbaiano.edu.br\/unidades\/valenca\/files\/2025\/02\/6298-IMG-20250225-WA0004-576x1024.webp 576w, https:\/\/www.ifbaiano.edu.br\/unidades\/valenca\/files\/2025\/02\/6298-IMG-20250225-WA0004-169x300.webp 169w, https:\/\/www.ifbaiano.edu.br\/unidades\/valenca\/files\/2025\/02\/6298-IMG-20250225-WA0004-100x178.webp 100w, https:\/\/www.ifbaiano.edu.br\/unidades\/valenca\/files\/2025\/02\/6298-IMG-20250225-WA0004.webp 607w\" sizes=\"(max-width: 576px) 100vw, 576px\" \/><\/a><\/figure>\n\n\n\n<p>No \u00faltimo dia 22 de fevereiro, o Curso T\u00e9cnico Subsequente em Meio Ambiente do IF Baiano, atrav\u00e9s do Projeto \u201c<em>Expedi\u00e7\u00e3o Territorial pela Bacia do Rio Piau\/Una<\/em>\u201d, em parceria com o NUGEA (N\u00facleo Local de Gest\u00e3o de Res\u00edduos S\u00f3lidos e Educa\u00e7\u00e3o Ambiental) implantou na Unidade Educativa de Campo (UEC) Fazenda Aldeia o sistema Caxamb\u00fa de tratamento e prote\u00e7\u00e3o sanit\u00e1ria de nascentes.<\/p>\n\n\n\n<p>Com o objetivo de revitalizar e proteger a nascente principal de capta\u00e7\u00e3o de \u00e1gua&nbsp;da Fazenda, o mutir\u00e3o de implanta\u00e7\u00e3o do sistema Caxamb\u00fa representou uma a\u00e7\u00e3o estrat\u00e9gica de seguran\u00e7a h\u00eddrica e prote\u00e7\u00e3o ambiental das \u00e1guas da Fazenda. A implanta\u00e7\u00e3o do sistema \u00e9 uma demanda hist\u00f3rica da UEC Aldeia, que vinha convivendo com interrup\u00e7\u00f5es e riscos no abastecimento de \u00e1gua e impactos na nascente, como assoreamento, eros\u00e3o e perda da qualidade da \u00e1gua.<\/p>\n\n\n\n<p>Para o professor e engenheiro ambiental, Eduardo Barcelos, coordenador do Curso T\u00e9cnico em Meio Ambiente, o sistema Caxamb\u00fa representa uma alternativa tecnol\u00f3gica para iniciativas e projetos que buscam proteger nascentes e olhos d\u00b4\u00e1guas, especialmente em comunidades rurais e pequenas propriedades da agricultura familiar. &#8220;Sabemos que a \u00e1gua sem qualidade e quantidade suficientes pode acarretar situa\u00e7\u00f5es de inseguran\u00e7a h\u00eddrica, adoecimentos e impactos na produ\u00e7\u00e3o de alimentos. Garantir perenidade no abastecimento h\u00eddrico e, sobretudo, a prote\u00e7\u00e3o sanit\u00e1ria da \u00e1gua \u00e9 um fator decisivo para a promo\u00e7\u00e3o de ambientes saud\u00e1veis e sustent\u00e1veis no campo. Este sistema pode ser uma boa estrat\u00e9gia para munic\u00edpios e comunidades pensarem a\u00e7\u00f5es de gest\u00e3o ambiental e h\u00eddrica &#8220;, destaca o professor.<\/p>\n\n\n\n<p><em>O que \u00e9 o Sistema Caxamb\u00fa<\/em><\/p>\n\n\n\n<p>O sistema ou modelo Caxambu \u00e9 uma tecnologia social de prote\u00e7\u00e3o ambiental e sanit\u00e1ria de nascentes, olhos d\u00b4\u00e1gua e minadouros. Foi desenvolvido no final da d\u00e9cada de 1980 no munic\u00edpio de Caxambu do Sul, Santa Catarina, com o objetivo de promover seguran\u00e7a h\u00eddrica e sanit\u00e1ria na agricultura familiar.&nbsp;<\/p>\n\n\n\n<p>O sistema consiste em \u201cfechar\u201d uma nascente com pedras, cobertas por lona e grama e canalizar a \u00e1gua por meio de tubos e manilhas at\u00e9 um reservat\u00f3rio. Apresenta baixo custo e \u00e9 de f\u00e1cil manuten\u00e7\u00e3o. O Sistema foi desenvolvido para comunidades rurais que n\u00e3o s\u00e3o atendidas pelas empresas ou autarquias de saneamento, e possu\u00edrem a possibilidade de utilizar \u00e1guas provenientes de nascentes.<\/p>\n\n\n\n<p>O modelo de prote\u00e7\u00e3o de nascente Caxambu foi desenvolvido para ser aplicado em nascentes de \u00e1guas naturais e utilizando material acess\u00edvel. Todo o material que integra a aplica\u00e7\u00e3o da t\u00e9cnica \u00e9 facilmente encontrado em qualquer estabelecimento de constru\u00e7\u00e3o e a totalidade desse material \u00e9 de um custo relativamente baixo. A aplica\u00e7\u00e3o da t\u00e9cnica, levando em conta todas as atividades necess\u00e1rias, \u00e9 de baixa complexidade e socioambientalmente adaptada.<\/p>\n\n\n\n<figure class=\"wp-block-gallery has-nested-images columns-default is-cropped wp-block-gallery-1 is-layout-flex\">\n<figure class=\"wp-block-image size-large\"><a href=\"https:\/\/www.ifbaiano.edu.br\/unidades\/valenca\/files\/2025\/02\/6348-IMG-20250225-WA0010.webp\"><img decoding=\"async\" loading=\"lazy\" width=\"1024\" height=\"771\" data-id=\"10033\"  src=\"https:\/\/www.ifbaiano.edu.br\/unidades\/valenca\/files\/2025\/02\/6348-IMG-20250225-WA0010-1024x771.webp\" alt=\"\" class=\"wp-image-10033\" srcset=\"https:\/\/www.ifbaiano.edu.br\/unidades\/valenca\/files\/2025\/02\/6348-IMG-20250225-WA0010-1024x771.webp 1024w, https:\/\/www.ifbaiano.edu.br\/unidades\/valenca\/files\/2025\/02\/6348-IMG-20250225-WA0010-300x226.webp 300w, https:\/\/www.ifbaiano.edu.br\/unidades\/valenca\/files\/2025\/02\/6348-IMG-20250225-WA0010-768x578.webp 768w, https:\/\/www.ifbaiano.edu.br\/unidades\/valenca\/files\/2025\/02\/6348-IMG-20250225-WA0010-100x75.webp 100w, https:\/\/www.ifbaiano.edu.br\/unidades\/valenca\/files\/2025\/02\/6348-IMG-20250225-WA0010.webp 1435w\" sizes=\"(max-width: 1024px) 100vw, 1024px\" \/><\/a><\/figure>\n\n\n\n<figure class=\"wp-block-image size-large\"><a href=\"https:\/\/www.ifbaiano.edu.br\/unidades\/valenca\/files\/2025\/02\/6348-IMG-20250225-WA0009.webp\"><img decoding=\"async\" loading=\"lazy\" width=\"1024\" height=\"771\" data-id=\"10036\"  src=\"https:\/\/www.ifbaiano.edu.br\/unidades\/valenca\/files\/2025\/02\/6348-IMG-20250225-WA0009-1024x771.webp\" alt=\"\" class=\"wp-image-10036\" srcset=\"https:\/\/www.ifbaiano.edu.br\/unidades\/valenca\/files\/2025\/02\/6348-IMG-20250225-WA0009-1024x771.webp 1024w, https:\/\/www.ifbaiano.edu.br\/unidades\/valenca\/files\/2025\/02\/6348-IMG-20250225-WA0009-300x226.webp 300w, https:\/\/www.ifbaiano.edu.br\/unidades\/valenca\/files\/2025\/02\/6348-IMG-20250225-WA0009-768x578.webp 768w, https:\/\/www.ifbaiano.edu.br\/unidades\/valenca\/files\/2025\/02\/6348-IMG-20250225-WA0009-100x75.webp 100w, https:\/\/www.ifbaiano.edu.br\/unidades\/valenca\/files\/2025\/02\/6348-IMG-20250225-WA0009.webp 1435w\" sizes=\"(max-width: 1024px) 100vw, 1024px\" \/><\/a><\/figure>\n\n\n\n<figure class=\"wp-block-image size-large\"><a href=\"https:\/\/www.ifbaiano.edu.br\/unidades\/valenca\/files\/2025\/02\/6349-IMG-20250225-WA0008.webp\"><img decoding=\"async\" loading=\"lazy\" width=\"1024\" height=\"770\" data-id=\"10038\"  src=\"https:\/\/www.ifbaiano.edu.br\/unidades\/valenca\/files\/2025\/02\/6349-IMG-20250225-WA0008-1024x770.webp\" alt=\"\" class=\"wp-image-10038\" srcset=\"https:\/\/www.ifbaiano.edu.br\/unidades\/valenca\/files\/2025\/02\/6349-IMG-20250225-WA0008-1024x770.webp 1024w, https:\/\/www.ifbaiano.edu.br\/unidades\/valenca\/files\/2025\/02\/6349-IMG-20250225-WA0008-300x226.webp 300w, https:\/\/www.ifbaiano.edu.br\/unidades\/valenca\/files\/2025\/02\/6349-IMG-20250225-WA0008-768x578.webp 768w, https:\/\/www.ifbaiano.edu.br\/unidades\/valenca\/files\/2025\/02\/6349-IMG-20250225-WA0008-100x75.webp 100w, https:\/\/www.ifbaiano.edu.br\/unidades\/valenca\/files\/2025\/02\/6349-IMG-20250225-WA0008.webp 1280w\" sizes=\"(max-width: 1024px) 100vw, 1024px\" \/><\/a><\/figure>\n\n\n\n<figure class=\"wp-block-image size-large\"><a href=\"https:\/\/www.ifbaiano.edu.br\/unidades\/valenca\/files\/2025\/02\/6348-IMG-20250225-WA0007.webp\"><img decoding=\"async\" loading=\"lazy\" width=\"1024\" height=\"770\" data-id=\"10035\"  src=\"https:\/\/www.ifbaiano.edu.br\/unidades\/valenca\/files\/2025\/02\/6348-IMG-20250225-WA0007-1024x770.webp\" alt=\"\" class=\"wp-image-10035\" srcset=\"https:\/\/www.ifbaiano.edu.br\/unidades\/valenca\/files\/2025\/02\/6348-IMG-20250225-WA0007-1024x770.webp 1024w, https:\/\/www.ifbaiano.edu.br\/unidades\/valenca\/files\/2025\/02\/6348-IMG-20250225-WA0007-300x226.webp 300w, https:\/\/www.ifbaiano.edu.br\/unidades\/valenca\/files\/2025\/02\/6348-IMG-20250225-WA0007-768x578.webp 768w, https:\/\/www.ifbaiano.edu.br\/unidades\/valenca\/files\/2025\/02\/6348-IMG-20250225-WA0007-100x75.webp 100w, https:\/\/www.ifbaiano.edu.br\/unidades\/valenca\/files\/2025\/02\/6348-IMG-20250225-WA0007.webp 1280w\" sizes=\"(max-width: 1024px) 100vw, 1024px\" \/><\/a><\/figure>\n\n\n\n<figure class=\"wp-block-image size-large\"><a href=\"https:\/\/www.ifbaiano.edu.br\/unidades\/valenca\/files\/2025\/02\/6348-IMG-20250225-WA0005.webp\"><img decoding=\"async\" loading=\"lazy\" width=\"576\" height=\"1024\" data-id=\"10034\"  src=\"https:\/\/www.ifbaiano.edu.br\/unidades\/valenca\/files\/2025\/02\/6348-IMG-20250225-WA0005-576x1024.webp\" alt=\"\" class=\"wp-image-10034\" srcset=\"https:\/\/www.ifbaiano.edu.br\/unidades\/valenca\/files\/2025\/02\/6348-IMG-20250225-WA0005-576x1024.webp 576w, https:\/\/www.ifbaiano.edu.br\/unidades\/valenca\/files\/2025\/02\/6348-IMG-20250225-WA0005-169x300.webp 169w, https:\/\/www.ifbaiano.edu.br\/unidades\/valenca\/files\/2025\/02\/6348-IMG-20250225-WA0005-100x178.webp 100w, https:\/\/www.ifbaiano.edu.br\/unidades\/valenca\/files\/2025\/02\/6348-IMG-20250225-WA0005.webp 607w\" sizes=\"(max-width: 576px) 100vw, 576px\" \/><\/a><\/figure>\n\n\n\n<figure class=\"wp-block-image size-large\"><a href=\"https:\/\/www.ifbaiano.edu.br\/unidades\/valenca\/files\/2025\/02\/6349-IMG-20250225-WA0006.webp\"><img decoding=\"async\" loading=\"lazy\" width=\"770\" height=\"1024\" data-id=\"10037\"  src=\"https:\/\/www.ifbaiano.edu.br\/unidades\/valenca\/files\/2025\/02\/6349-IMG-20250225-WA0006-770x1024.webp\" alt=\"\" class=\"wp-image-10037\" srcset=\"https:\/\/www.ifbaiano.edu.br\/unidades\/valenca\/files\/2025\/02\/6349-IMG-20250225-WA0006-770x1024.webp 770w, https:\/\/www.ifbaiano.edu.br\/unidades\/valenca\/files\/2025\/02\/6349-IMG-20250225-WA0006-226x300.webp 226w, https:\/\/www.ifbaiano.edu.br\/unidades\/valenca\/files\/2025\/02\/6349-IMG-20250225-WA0006-768x1021.webp 768w, https:\/\/www.ifbaiano.edu.br\/unidades\/valenca\/files\/2025\/02\/6349-IMG-20250225-WA0006-100x133.webp 100w, https:\/\/www.ifbaiano.edu.br\/unidades\/valenca\/files\/2025\/02\/6349-IMG-20250225-WA0006.webp 812w\" sizes=\"(max-width: 770px) 100vw, 770px\" \/><\/a><\/figure>\n<\/figure>\n","protected":false},"excerpt":{"rendered":"<p>A a\u00e7\u00e3o ocorreu no \u00faltimo dia 22\/02, na Unidade Educativa de Campo, e faz parte do projeto Expedi\u00e7\u00e3o Territorial pela Bacia do Rio Piau\/UNA No \u00faltimo dia 22 de fevereiro, o Curso T\u00e9cnico Subsequente em Meio Ambiente do IF Baiano, atrav\u00e9s do Projeto \u201cExpedi\u00e7\u00e3o Territorial pela Bacia do Rio Piau\/Una\u201d, em parceria com o NUGEA [&hellip;]<\/p>\n","protected":false},"author":171,"featured_media":10037,"comment_status":"open","ping_status":"open","sticky":true,"template":"","format":"standard","meta":[],"categories":[5],"tags":[],"_links":{"self":[{"href":"https:\/\/www.ifbaiano.edu.br\/unidades\/valenca\/wp-json\/wp\/v2\/posts\/10031"}],"collection":[{"href":"https:\/\/www.ifbaiano.edu.br\/unidades\/valenca\/wp-json\/wp\/v2\/posts"}],"about":[{"href":"https:\/\/www.ifbaiano.edu.br\/unidades\/valenca\/wp-json\/wp\/v2\/types\/post"}],"author":[{"embeddable":true,"href":"https:\/\/www.ifbaiano.edu.br\/unidades\/valenca\/wp-json\/wp\/v2\/users\/171"}],"replies":[{"embeddable":true,"href":"https:\/\/www.ifbaiano.edu.br\/unidades\/valenca\/wp-json\/wp\/v2\/comments?post=10031"}],"version-history":[{"count":4,"href":"https:\/\/www.ifbaiano.edu.br\/unidades\/valenca\/wp-json\/wp\/v2\/posts\/10031\/revisions"}],"predecessor-version":[{"id":10042,"href":"https:\/\/www.ifbaiano.edu.br\/unidades\/valenca\/wp-json\/wp\/v2\/posts\/10031\/revisions\/10042"}],"wp:featuredmedia":[{"embeddable":true,"href":"https:\/\/www.ifbaiano.edu.br\/unidades\/valenca\/wp-json\/wp\/v2\/media\/10037"}],"wp:attachment":[{"href":"https:\/\/www.ifbaiano.edu.br\/unidades\/valenca\/wp-json\/wp\/v2\/media?parent=10031"}],"wp:term":[{"taxonomy":"category","embeddable":true,"href":"https:\/\/www.ifbaiano.edu.br\/unidades\/valenca\/wp-json\/wp\/v2\/categories?post=10031"},{"taxonomy":"post_tag","embeddable":true,"href":"https:\/\/www.ifbaiano.edu.br\/unidades\/valenca\/wp-json\/wp\/v2\/tags?post=10031"}],"curies":[{"name":"wp","href":"https:\/\/api.w.org\/{rel}","templated":true}]}}