{"id":10044,"date":"2025-02-28T10:24:37","date_gmt":"2025-02-28T13:24:37","guid":{"rendered":"https:\/\/www.ifbaiano.edu.br\/unidades\/valenca\/?p=10044"},"modified":"2025-02-28T10:50:21","modified_gmt":"2025-02-28T13:50:21","slug":"if-baiano-valenca-promove-audiencia-publica-para-debater-a-criacao-de-novo-curso-superior","status":"publish","type":"post","link":"https:\/\/www.ifbaiano.edu.br\/unidades\/valenca\/2025\/02\/28\/if-baiano-valenca-promove-audiencia-publica-para-debater-a-criacao-de-novo-curso-superior\/","title":{"rendered":"IF Baiano Valen\u00e7a promove audi\u00eancia p\u00fablica para debater a cria\u00e7\u00e3o de novo curso superior"},"content":{"rendered":"\n<p>A consulta p\u00fablica foi realizada no dia 18\/02 e contou com representantes da sociedade civil<\/p>\n\n\n\n<figure class=\"wp-block-image size-large is-resized\"><a href=\"https:\/\/www.ifbaiano.edu.br\/unidades\/valenca\/files\/2025\/02\/8840-3_20250220_091232_0002.webp\"><img decoding=\"async\" loading=\"lazy\" src=\"https:\/\/www.ifbaiano.edu.br\/unidades\/valenca\/files\/2025\/02\/8840-3_20250220_091232_0002-767x1024.webp\" alt=\"\" class=\"wp-image-10053\" width=\"375\" height=\"501\" srcset=\"https:\/\/www.ifbaiano.edu.br\/unidades\/valenca\/files\/2025\/02\/8840-3_20250220_091232_0002-767x1024.webp 767w, https:\/\/www.ifbaiano.edu.br\/unidades\/valenca\/files\/2025\/02\/8840-3_20250220_091232_0002-225x300.webp 225w, https:\/\/www.ifbaiano.edu.br\/unidades\/valenca\/files\/2025\/02\/8840-3_20250220_091232_0002-768x1025.webp 768w, https:\/\/www.ifbaiano.edu.br\/unidades\/valenca\/files\/2025\/02\/8840-3_20250220_091232_0002-100x133.webp 100w, https:\/\/www.ifbaiano.edu.br\/unidades\/valenca\/files\/2025\/02\/8840-3_20250220_091232_0002.webp 809w\" sizes=\"(max-width: 375px) 100vw, 375px\" \/><\/a><\/figure>\n\n\n\n<p>No \u00faltimo dia 18 de fevereiro, o IF Baiano campus Valen\u00e7a realizou audi\u00eancia p\u00fablica para apresentar os resultados do estudo de demanda sobre a proposta de implanta\u00e7\u00e3o do Curso Superior de Tecnologia em Gest\u00e3o Ambiental. Com a participa\u00e7\u00e3o de mais de 20 organiza\u00e7\u00f5es, entre representa\u00e7\u00f5es do poder p\u00fablico, organiza\u00e7\u00f5es sociais, empresariado, professores e estudantes, a audi\u00eancia marcou um importante momento de debate sobre os problemas e desafios envolvendo as tem\u00e1ticas socioambientais no territ\u00f3rio do Baixo Sul. Se aprovado, ser\u00e1 o primeiro curso superior de tecnologia do campus Valen\u00e7a. <\/p>\n\n\n\n<p>A proposta do Curso avan\u00e7a na perspectiva de qualificar profissionais na gest\u00e3o ambiental para atuar no enfrentamento dos problemas ambientais, nas a\u00e7\u00f5es de diagn\u00f3stico, monitoramento, medidas mitigadoras, recupera\u00e7\u00e3o de \u00e1reas degradadas, licenciamento ambiental, planos de gest\u00e3o de res\u00edduos s\u00f3lidos, recursos h\u00eddricos, biodiversidade e saneamento ambiental, al\u00e9m da emiss\u00e3o de laudos, pareceres t\u00e9cnicos e consultoria. <\/p>\n\n\n\n<p>Para o presidente da Comiss\u00e3o do Estudo de Demanda do curso, o professor e engenheiro ambiental, Eduardo Barcelos, a proposta do curso chega num momento decisivo para a regi\u00e3o do Baixo Sul: &#8220;As transforma\u00e7\u00f5es em curso no territ\u00f3rio do Baixo Sul exigem outro compromisso da institui\u00e7\u00e3o com os problemas ambientais atuais e futuros. \u00c9 importante destacar que nossa regi\u00e3o tem sido objeto de intensa especula\u00e7\u00e3o fundi\u00e1ria e com a implanta\u00e7\u00e3o de grandes projetos, especialmente a ponte Salvador-Itaparica. A tend\u00eancia \u00e9 o agravamento dos conflitos envolvendo os bens naturais, com destaque para o desmatamento, a expans\u00e3o urbana e os problemas envolvendo o saneamento e a gest\u00e3o das cidades. No Baixo Sul, apenas 9% dos esgotos t\u00eam manejo adequado e chega a 32% o \u00edndice m\u00e9dio de perdas de \u00e1gua nos sistemas de abastecimento. Isso precisa ser corrigido com a\u00e7\u00f5es de gest\u00e3o&#8221;, destaca. Para o professor, o curso servir\u00e1 de instrumento de a\u00e7\u00e3o e reflex\u00e3o sobre as quest\u00f5es socioambientais, com o compromisso de apontar alternativas e projetos que busquem a promo\u00e7\u00e3o da vida e da sustentabilidade. <\/p>\n\n\n\n<p>As pr\u00f3ximas etapas do processo de cria\u00e7\u00e3o e implanta\u00e7\u00e3o do curso ser\u00e3o a elabora\u00e7\u00e3o do relat\u00f3rio final contendo todas as informa\u00e7\u00f5es do estudo de demanda; em seguida, a cria\u00e7\u00e3o do N\u00facleo Docente Estruturante (NDE) e a elabora\u00e7\u00e3o do Projeto Pedag\u00f3gico de Curso (PPC). Ap\u00f3s essas etapas, o campus Valen\u00e7a estar\u00e1 autorizado para a formula\u00e7\u00e3o do Plano de Implanta\u00e7\u00e3o do Curso e abertura do processo seletivo. O curso, uma vez implantado, ser\u00e1 ofertado no turno noturno, de forma presencial e gratuita, buscando a forma\u00e7\u00e3o de novos quadros de gestores para a regi\u00e3o, seja para atuar nos munic\u00edpios, seja para atuar nas comunidades, organiza\u00e7\u00f5es de assessoria e consultoria ambiental.<\/p>\n\n\n\n<figure class=\"wp-block-gallery has-nested-images columns-default is-cropped wp-block-gallery-1 is-layout-flex\">\n<figure class=\"wp-block-image size-large\"><a href=\"https:\/\/www.ifbaiano.edu.br\/unidades\/valenca\/files\/2025\/02\/8950-1_20250220_091232_0000.webp\"><img decoding=\"async\" loading=\"lazy\" width=\"767\" height=\"1024\" data-id=\"10054\"  src=\"https:\/\/www.ifbaiano.edu.br\/unidades\/valenca\/files\/2025\/02\/8950-1_20250220_091232_0000-767x1024.webp\" alt=\"\" class=\"wp-image-10054\" srcset=\"https:\/\/www.ifbaiano.edu.br\/unidades\/valenca\/files\/2025\/02\/8950-1_20250220_091232_0000-767x1024.webp 767w, https:\/\/www.ifbaiano.edu.br\/unidades\/valenca\/files\/2025\/02\/8950-1_20250220_091232_0000-225x300.webp 225w, https:\/\/www.ifbaiano.edu.br\/unidades\/valenca\/files\/2025\/02\/8950-1_20250220_091232_0000-768x1025.webp 768w, https:\/\/www.ifbaiano.edu.br\/unidades\/valenca\/files\/2025\/02\/8950-1_20250220_091232_0000-100x133.webp 100w, https:\/\/www.ifbaiano.edu.br\/unidades\/valenca\/files\/2025\/02\/8950-1_20250220_091232_0000.webp 809w\" sizes=\"(max-width: 767px) 100vw, 767px\" \/><\/a><\/figure>\n\n\n\n<figure class=\"wp-block-image size-large\"><a href=\"https:\/\/www.ifbaiano.edu.br\/unidades\/valenca\/files\/2025\/02\/8951-2_20250220_091232_0001.webp\"><img decoding=\"async\" loading=\"lazy\" width=\"767\" height=\"1024\" data-id=\"10059\"  src=\"https:\/\/www.ifbaiano.edu.br\/unidades\/valenca\/files\/2025\/02\/8951-2_20250220_091232_0001-767x1024.webp\" alt=\"\" class=\"wp-image-10059\" srcset=\"https:\/\/www.ifbaiano.edu.br\/unidades\/valenca\/files\/2025\/02\/8951-2_20250220_091232_0001-767x1024.webp 767w, https:\/\/www.ifbaiano.edu.br\/unidades\/valenca\/files\/2025\/02\/8951-2_20250220_091232_0001-225x300.webp 225w, https:\/\/www.ifbaiano.edu.br\/unidades\/valenca\/files\/2025\/02\/8951-2_20250220_091232_0001-768x1025.webp 768w, https:\/\/www.ifbaiano.edu.br\/unidades\/valenca\/files\/2025\/02\/8951-2_20250220_091232_0001-100x133.webp 100w, https:\/\/www.ifbaiano.edu.br\/unidades\/valenca\/files\/2025\/02\/8951-2_20250220_091232_0001.webp 809w\" sizes=\"(max-width: 767px) 100vw, 767px\" \/><\/a><\/figure>\n\n\n\n<figure class=\"wp-block-image size-large\"><a href=\"https:\/\/www.ifbaiano.edu.br\/unidades\/valenca\/files\/2025\/02\/8951-3_20250220_091232_0002.webp\"><img decoding=\"async\" loading=\"lazy\" width=\"767\" height=\"1024\" data-id=\"10060\"  src=\"https:\/\/www.ifbaiano.edu.br\/unidades\/valenca\/files\/2025\/02\/8951-3_20250220_091232_0002-767x1024.webp\" alt=\"\" class=\"wp-image-10060\" srcset=\"https:\/\/www.ifbaiano.edu.br\/unidades\/valenca\/files\/2025\/02\/8951-3_20250220_091232_0002-767x1024.webp 767w, https:\/\/www.ifbaiano.edu.br\/unidades\/valenca\/files\/2025\/02\/8951-3_20250220_091232_0002-225x300.webp 225w, https:\/\/www.ifbaiano.edu.br\/unidades\/valenca\/files\/2025\/02\/8951-3_20250220_091232_0002-768x1025.webp 768w, https:\/\/www.ifbaiano.edu.br\/unidades\/valenca\/files\/2025\/02\/8951-3_20250220_091232_0002-100x133.webp 100w, https:\/\/www.ifbaiano.edu.br\/unidades\/valenca\/files\/2025\/02\/8951-3_20250220_091232_0002.webp 809w\" sizes=\"(max-width: 767px) 100vw, 767px\" \/><\/a><\/figure>\n\n\n\n<figure class=\"wp-block-image size-large\"><a href=\"https:\/\/www.ifbaiano.edu.br\/unidades\/valenca\/files\/2025\/02\/8951-4_20250220_091232_0003.webp\"><img decoding=\"async\" loading=\"lazy\" width=\"767\" height=\"1024\" data-id=\"10061\"  src=\"https:\/\/www.ifbaiano.edu.br\/unidades\/valenca\/files\/2025\/02\/8951-4_20250220_091232_0003-767x1024.webp\" alt=\"\" class=\"wp-image-10061\" srcset=\"https:\/\/www.ifbaiano.edu.br\/unidades\/valenca\/files\/2025\/02\/8951-4_20250220_091232_0003-767x1024.webp 767w, https:\/\/www.ifbaiano.edu.br\/unidades\/valenca\/files\/2025\/02\/8951-4_20250220_091232_0003-225x300.webp 225w, https:\/\/www.ifbaiano.edu.br\/unidades\/valenca\/files\/2025\/02\/8951-4_20250220_091232_0003-768x1025.webp 768w, https:\/\/www.ifbaiano.edu.br\/unidades\/valenca\/files\/2025\/02\/8951-4_20250220_091232_0003-100x133.webp 100w, https:\/\/www.ifbaiano.edu.br\/unidades\/valenca\/files\/2025\/02\/8951-4_20250220_091232_0003.webp 809w\" sizes=\"(max-width: 767px) 100vw, 767px\" \/><\/a><\/figure>\n\n\n\n<figure class=\"wp-block-image size-large\"><a href=\"https:\/\/www.ifbaiano.edu.br\/unidades\/valenca\/files\/2025\/02\/8951-5_20250220_091232_0004.webp\"><img decoding=\"async\" loading=\"lazy\" width=\"767\" height=\"1024\" data-id=\"10056\"  src=\"https:\/\/www.ifbaiano.edu.br\/unidades\/valenca\/files\/2025\/02\/8951-5_20250220_091232_0004-767x1024.webp\" alt=\"\" class=\"wp-image-10056\" srcset=\"https:\/\/www.ifbaiano.edu.br\/unidades\/valenca\/files\/2025\/02\/8951-5_20250220_091232_0004-767x1024.webp 767w, https:\/\/www.ifbaiano.edu.br\/unidades\/valenca\/files\/2025\/02\/8951-5_20250220_091232_0004-225x300.webp 225w, https:\/\/www.ifbaiano.edu.br\/unidades\/valenca\/files\/2025\/02\/8951-5_20250220_091232_0004-768x1025.webp 768w, https:\/\/www.ifbaiano.edu.br\/unidades\/valenca\/files\/2025\/02\/8951-5_20250220_091232_0004-100x133.webp 100w, https:\/\/www.ifbaiano.edu.br\/unidades\/valenca\/files\/2025\/02\/8951-5_20250220_091232_0004.webp 809w\" sizes=\"(max-width: 767px) 100vw, 767px\" \/><\/a><\/figure>\n\n\n\n<figure class=\"wp-block-image size-large\"><a href=\"https:\/\/www.ifbaiano.edu.br\/unidades\/valenca\/files\/2025\/02\/8951-6_20250220_091232_0005.webp\"><img decoding=\"async\" loading=\"lazy\" width=\"768\" height=\"1024\" data-id=\"10058\"  src=\"https:\/\/www.ifbaiano.edu.br\/unidades\/valenca\/files\/2025\/02\/8951-6_20250220_091232_0005-768x1024.webp\" alt=\"\" class=\"wp-image-10058\" srcset=\"https:\/\/www.ifbaiano.edu.br\/unidades\/valenca\/files\/2025\/02\/8951-6_20250220_091232_0005-768x1024.webp 768w, https:\/\/www.ifbaiano.edu.br\/unidades\/valenca\/files\/2025\/02\/8951-6_20250220_091232_0005-225x300.webp 225w, https:\/\/www.ifbaiano.edu.br\/unidades\/valenca\/files\/2025\/02\/8951-6_20250220_091232_0005-100x133.webp 100w, https:\/\/www.ifbaiano.edu.br\/unidades\/valenca\/files\/2025\/02\/8951-6_20250220_091232_0005.webp 810w\" sizes=\"(max-width: 768px) 100vw, 768px\" \/><\/a><\/figure>\n\n\n\n<figure class=\"wp-block-image size-large\"><a href=\"https:\/\/www.ifbaiano.edu.br\/unidades\/valenca\/files\/2025\/02\/8951-7_20250220_091232_0006.webp\"><img decoding=\"async\" loading=\"lazy\" width=\"768\" height=\"1024\" data-id=\"10055\"  src=\"https:\/\/www.ifbaiano.edu.br\/unidades\/valenca\/files\/2025\/02\/8951-7_20250220_091232_0006-768x1024.webp\" alt=\"\" class=\"wp-image-10055\" srcset=\"https:\/\/www.ifbaiano.edu.br\/unidades\/valenca\/files\/2025\/02\/8951-7_20250220_091232_0006-768x1024.webp 768w, https:\/\/www.ifbaiano.edu.br\/unidades\/valenca\/files\/2025\/02\/8951-7_20250220_091232_0006-225x300.webp 225w, https:\/\/www.ifbaiano.edu.br\/unidades\/valenca\/files\/2025\/02\/8951-7_20250220_091232_0006-100x133.webp 100w, https:\/\/www.ifbaiano.edu.br\/unidades\/valenca\/files\/2025\/02\/8951-7_20250220_091232_0006.webp 810w\" sizes=\"(max-width: 768px) 100vw, 768px\" \/><\/a><\/figure>\n\n\n\n<figure class=\"wp-block-image size-large\"><a href=\"https:\/\/www.ifbaiano.edu.br\/unidades\/valenca\/files\/2025\/02\/8951-8_20250220_091232_0007.webp\"><img decoding=\"async\" loading=\"lazy\" width=\"768\" height=\"1024\" data-id=\"10057\"  src=\"https:\/\/www.ifbaiano.edu.br\/unidades\/valenca\/files\/2025\/02\/8951-8_20250220_091232_0007-768x1024.webp\" alt=\"\" class=\"wp-image-10057\" srcset=\"https:\/\/www.ifbaiano.edu.br\/unidades\/valenca\/files\/2025\/02\/8951-8_20250220_091232_0007-768x1024.webp 768w, https:\/\/www.ifbaiano.edu.br\/unidades\/valenca\/files\/2025\/02\/8951-8_20250220_091232_0007-225x300.webp 225w, https:\/\/www.ifbaiano.edu.br\/unidades\/valenca\/files\/2025\/02\/8951-8_20250220_091232_0007-100x133.webp 100w, https:\/\/www.ifbaiano.edu.br\/unidades\/valenca\/files\/2025\/02\/8951-8_20250220_091232_0007.webp 810w\" sizes=\"(max-width: 768px) 100vw, 768px\" \/><\/a><\/figure>\n<\/figure>\n\n\n\n<figure class=\"wp-block-image\"><img alt=\"\" \/><\/figure>\n","protected":false},"excerpt":{"rendered":"<p>A consulta p\u00fablica foi realizada no dia 18\/02 e contou com representantes da sociedade civil No \u00faltimo dia 18 de fevereiro, o IF Baiano campus Valen\u00e7a realizou audi\u00eancia p\u00fablica para apresentar os resultados do estudo de demanda sobre a proposta de implanta\u00e7\u00e3o do Curso Superior de Tecnologia em Gest\u00e3o Ambiental. Com a participa\u00e7\u00e3o de mais [&hellip;]<\/p>\n","protected":false},"author":171,"featured_media":10054,"comment_status":"open","ping_status":"open","sticky":false,"template":"","format":"standard","meta":[],"categories":[5],"tags":[],"_links":{"self":[{"href":"https:\/\/www.ifbaiano.edu.br\/unidades\/valenca\/wp-json\/wp\/v2\/posts\/10044"}],"collection":[{"href":"https:\/\/www.ifbaiano.edu.br\/unidades\/valenca\/wp-json\/wp\/v2\/posts"}],"about":[{"href":"https:\/\/www.ifbaiano.edu.br\/unidades\/valenca\/wp-json\/wp\/v2\/types\/post"}],"author":[{"embeddable":true,"href":"https:\/\/www.ifbaiano.edu.br\/unidades\/valenca\/wp-json\/wp\/v2\/users\/171"}],"replies":[{"embeddable":true,"href":"https:\/\/www.ifbaiano.edu.br\/unidades\/valenca\/wp-json\/wp\/v2\/comments?post=10044"}],"version-history":[{"count":2,"href":"https:\/\/www.ifbaiano.edu.br\/unidades\/valenca\/wp-json\/wp\/v2\/posts\/10044\/revisions"}],"predecessor-version":[{"id":10064,"href":"https:\/\/www.ifbaiano.edu.br\/unidades\/valenca\/wp-json\/wp\/v2\/posts\/10044\/revisions\/10064"}],"wp:featuredmedia":[{"embeddable":true,"href":"https:\/\/www.ifbaiano.edu.br\/unidades\/valenca\/wp-json\/wp\/v2\/media\/10054"}],"wp:attachment":[{"href":"https:\/\/www.ifbaiano.edu.br\/unidades\/valenca\/wp-json\/wp\/v2\/media?parent=10044"}],"wp:term":[{"taxonomy":"category","embeddable":true,"href":"https:\/\/www.ifbaiano.edu.br\/unidades\/valenca\/wp-json\/wp\/v2\/categories?post=10044"},{"taxonomy":"post_tag","embeddable":true,"href":"https:\/\/www.ifbaiano.edu.br\/unidades\/valenca\/wp-json\/wp\/v2\/tags?post=10044"}],"curies":[{"name":"wp","href":"https:\/\/api.w.org\/{rel}","templated":true}]}}