{"id":10065,"date":"2025-02-28T11:53:00","date_gmt":"2025-02-28T14:53:00","guid":{"rendered":"https:\/\/www.ifbaiano.edu.br\/unidades\/valenca\/?p=10065"},"modified":"2025-02-28T11:53:00","modified_gmt":"2025-02-28T14:53:00","slug":"if-baiano-valenca-participa-do-encontro-do-conselho-inter-territorial-de-articulacao-das-comunidades-quilombolas-do-baixo-sul-e-litoral-sul-da-bahia-ciacoq","status":"publish","type":"post","link":"https:\/\/www.ifbaiano.edu.br\/unidades\/valenca\/2025\/02\/28\/if-baiano-valenca-participa-do-encontro-do-conselho-inter-territorial-de-articulacao-das-comunidades-quilombolas-do-baixo-sul-e-litoral-sul-da-bahia-ciacoq\/","title":{"rendered":"IF Baiano Valen\u00e7a participa do Encontro do Conselho Inter Territorial de Articula\u00e7\u00e3o das Comunidades Quilombolas do Baixo Sul e Litoral Sul da Bahia (CIACOQ)"},"content":{"rendered":"\n<p>O evento, que aconteceu no dia 21\/02, em Ituber\u00e1, teve como proposta avaliar  a situa\u00e7\u00e3o da Educa\u00e7\u00e3o nas comunidades remanescentes quilombolas e tra\u00e7ar linhas de a\u00e7\u00e3o do movimento<\/p>\n\n\n\n<figure class=\"wp-block-image size-large is-resized\"><a href=\"https:\/\/www.ifbaiano.edu.br\/unidades\/valenca\/files\/2025\/02\/3496-WhatsApp-Image-2025-02-27-at-11.03.23.webp\"><img decoding=\"async\" loading=\"lazy\" src=\"https:\/\/www.ifbaiano.edu.br\/unidades\/valenca\/files\/2025\/02\/3496-WhatsApp-Image-2025-02-27-at-11.03.23-1024x768.webp\" alt=\"\" class=\"wp-image-10066\" width=\"845\" height=\"634\" srcset=\"https:\/\/www.ifbaiano.edu.br\/unidades\/valenca\/files\/2025\/02\/3496-WhatsApp-Image-2025-02-27-at-11.03.23-1024x768.webp 1024w, https:\/\/www.ifbaiano.edu.br\/unidades\/valenca\/files\/2025\/02\/3496-WhatsApp-Image-2025-02-27-at-11.03.23-300x225.webp 300w, https:\/\/www.ifbaiano.edu.br\/unidades\/valenca\/files\/2025\/02\/3496-WhatsApp-Image-2025-02-27-at-11.03.23-768x576.webp 768w, https:\/\/www.ifbaiano.edu.br\/unidades\/valenca\/files\/2025\/02\/3496-WhatsApp-Image-2025-02-27-at-11.03.23-100x75.webp 100w, https:\/\/www.ifbaiano.edu.br\/unidades\/valenca\/files\/2025\/02\/3496-WhatsApp-Image-2025-02-27-at-11.03.23.webp 1440w\" sizes=\"(max-width: 845px) 100vw, 845px\" \/><\/a><figcaption class=\"wp-element-caption\">Encontro do Conselho Inter Territorial de Articula\u00e7\u00e3o das Comunidades Quilombolas do Baixo Sul e Litoral Sul da Bahia (CIACOQ)<\/figcaption><\/figure>\n\n\n\n<p>O IF Baiano marcou presen\u00e7a no encontro do Conselho Inter Territorial de Articula\u00e7\u00e3o das Comunidades Quilombolas do Baixo Sul e Litoral Sul da Bahia (CIACOQ), que aconteceu em Ituber\u00e1, na \u00faltima sexta-feira, dia 21 de fevereiro de 2025, e teve como pauta a Educa\u00e7\u00e3o.<br><\/p>\n\n\n\n<p>O evento contou com lideran\u00e7as comunit\u00e1rias e pol\u00edticas, gestores municipais da Educa\u00e7\u00e3o, representantes da Secretaria de Estado da Educa\u00e7\u00e3o, educadores das escolas quilombolas e institui\u00e7\u00f5es de ensino superior da regi\u00e3o.  O IF Baiano foi representado por docentes ligados ao N\u00facleo de Estudos Afro-brasileiros e Ind\u00edgenas (NEABI) e \u00e0s coordena\u00e7\u00f5es dos cursos de Licenciatura em Ci\u00eancias Biol\u00f3gicas e T\u00e9cnico em Meio Ambiente. A proposta do encontro foi avaliar a situa\u00e7\u00e3o da Educa\u00e7\u00e3o nas comunidades remanescentes quilombolas e tra\u00e7ar linhas de a\u00e7\u00e3o do movimento. <\/p>\n\n\n\n<figure class=\"wp-block-image size-large\"><a href=\"https:\/\/www.ifbaiano.edu.br\/unidades\/valenca\/files\/2025\/02\/3592-WhatsApp-Image-2025-02-27-at-11.07.271.webp\"><img decoding=\"async\" loading=\"lazy\" width=\"1024\" height=\"576\" src=\"https:\/\/www.ifbaiano.edu.br\/unidades\/valenca\/files\/2025\/02\/3592-WhatsApp-Image-2025-02-27-at-11.07.271-1024x576.webp\" alt=\"\" class=\"wp-image-10067\" srcset=\"https:\/\/www.ifbaiano.edu.br\/unidades\/valenca\/files\/2025\/02\/3592-WhatsApp-Image-2025-02-27-at-11.07.271-1024x576.webp 1024w, https:\/\/www.ifbaiano.edu.br\/unidades\/valenca\/files\/2025\/02\/3592-WhatsApp-Image-2025-02-27-at-11.07.271-300x169.webp 300w, https:\/\/www.ifbaiano.edu.br\/unidades\/valenca\/files\/2025\/02\/3592-WhatsApp-Image-2025-02-27-at-11.07.271-768x432.webp 768w, https:\/\/www.ifbaiano.edu.br\/unidades\/valenca\/files\/2025\/02\/3592-WhatsApp-Image-2025-02-27-at-11.07.271-1536x864.webp 1536w, https:\/\/www.ifbaiano.edu.br\/unidades\/valenca\/files\/2025\/02\/3592-WhatsApp-Image-2025-02-27-at-11.07.271-100x56.webp 100w, https:\/\/www.ifbaiano.edu.br\/unidades\/valenca\/files\/2025\/02\/3592-WhatsApp-Image-2025-02-27-at-11.07.271.webp 1600w\" sizes=\"(max-width: 1024px) 100vw, 1024px\" \/><\/a><\/figure>\n\n\n\n<p>A professora Doutora Nelma Barbosa apresentou o relato da experi\u00eancia do Curso de Aperfei\u00e7oamento em Educa\u00e7\u00e3o Escolar Quilombola ENTREQUILOMBOS, realizado entre 2023 e 2024 em parceria com o CIACOQ, F\u00f3rum Permanente de Educa\u00e7\u00e3o Escolar Quilombola da Bahia e a Secretaria da Educa\u00e7\u00e3o Continuada, Alfabetiza\u00e7\u00e3o de jovens e Adultos e da Diversidade e Inclus\u00e3o (SECADI) do Minist\u00e9rio da Educa\u00e7\u00e3o(MEC).  <\/p>\n\n\n\n<figure class=\"wp-block-image size-large\"><a href=\"https:\/\/www.ifbaiano.edu.br\/unidades\/valenca\/files\/2025\/02\/3628-WhatsApp-Image-2025-02-27-at-11.04.59.webp\"><img decoding=\"async\" loading=\"lazy\" width=\"1024\" height=\"576\" src=\"https:\/\/www.ifbaiano.edu.br\/unidades\/valenca\/files\/2025\/02\/3628-WhatsApp-Image-2025-02-27-at-11.04.59-1024x576.webp\" alt=\"\" class=\"wp-image-10068\" srcset=\"https:\/\/www.ifbaiano.edu.br\/unidades\/valenca\/files\/2025\/02\/3628-WhatsApp-Image-2025-02-27-at-11.04.59-1024x576.webp 1024w, https:\/\/www.ifbaiano.edu.br\/unidades\/valenca\/files\/2025\/02\/3628-WhatsApp-Image-2025-02-27-at-11.04.59-300x169.webp 300w, https:\/\/www.ifbaiano.edu.br\/unidades\/valenca\/files\/2025\/02\/3628-WhatsApp-Image-2025-02-27-at-11.04.59-768x432.webp 768w, https:\/\/www.ifbaiano.edu.br\/unidades\/valenca\/files\/2025\/02\/3628-WhatsApp-Image-2025-02-27-at-11.04.59-1536x864.webp 1536w, https:\/\/www.ifbaiano.edu.br\/unidades\/valenca\/files\/2025\/02\/3628-WhatsApp-Image-2025-02-27-at-11.04.59-100x56.webp 100w, https:\/\/www.ifbaiano.edu.br\/unidades\/valenca\/files\/2025\/02\/3628-WhatsApp-Image-2025-02-27-at-11.04.59.webp 1600w\" sizes=\"(max-width: 1024px) 100vw, 1024px\" \/><\/a><figcaption class=\"wp-element-caption\">Professora Doutora Nelma Barbosa no encontro do Conselho Inter Territorial de Articula\u00e7\u00e3o das Comunidades Quilombolas do Baixo Sul e Litoral Sul da Bahia (CIACOQ)<\/figcaption><\/figure>\n\n\n\n<p>A professora Mestra Scyla Pimenta apresentou a todos a nova proposta de forma\u00e7\u00e3o continuada para educadores quilombolas. O projeto, que prev\u00ea uma forma\u00e7\u00e3o que entrela\u00e7a as rela\u00e7\u00f5es \u00e9tnico-raciais e a Agroecologia, foi submetido \u00e0 aprecia\u00e7\u00e3o do MEC em 2025. <\/p>\n\n\n\n<figure class=\"wp-block-image size-large is-resized\"><a href=\"https:\/\/www.ifbaiano.edu.br\/unidades\/valenca\/files\/2025\/02\/3665-WhatsApp-Image-2025-02-27-at-11.05.46.webp\"><img decoding=\"async\" loading=\"lazy\" src=\"https:\/\/www.ifbaiano.edu.br\/unidades\/valenca\/files\/2025\/02\/3665-WhatsApp-Image-2025-02-27-at-11.05.46-1024x576.webp\" alt=\"\" class=\"wp-image-10069\" width=\"597\" height=\"335\" srcset=\"https:\/\/www.ifbaiano.edu.br\/unidades\/valenca\/files\/2025\/02\/3665-WhatsApp-Image-2025-02-27-at-11.05.46-1024x576.webp 1024w, https:\/\/www.ifbaiano.edu.br\/unidades\/valenca\/files\/2025\/02\/3665-WhatsApp-Image-2025-02-27-at-11.05.46-300x169.webp 300w, https:\/\/www.ifbaiano.edu.br\/unidades\/valenca\/files\/2025\/02\/3665-WhatsApp-Image-2025-02-27-at-11.05.46-768x432.webp 768w, https:\/\/www.ifbaiano.edu.br\/unidades\/valenca\/files\/2025\/02\/3665-WhatsApp-Image-2025-02-27-at-11.05.46-100x56.webp 100w, https:\/\/www.ifbaiano.edu.br\/unidades\/valenca\/files\/2025\/02\/3665-WhatsApp-Image-2025-02-27-at-11.05.46.webp 1280w\" sizes=\"(max-width: 597px) 100vw, 597px\" \/><\/a><figcaption class=\"wp-element-caption\">Professora Mestra Scyla Pimenta no encontro do Conselho Inter Territorial de Articula\u00e7\u00e3o das Comunidades Quilombolas do Baixo Sul e Litoral Sul da Bahia (CIACOQ)<\/figcaption><\/figure>\n\n\n\n<p>O professor Doutor Tasso Menezes, falou brevemente sobre algumas etapas do processo seletivo da Licenciatura em Ci\u00eancias Biol\u00f3gicas, destacando a necessidade de divulga\u00e7\u00e3o nos munic\u00edpios e de comparecimento dos candidatos \u00e0s bancas de heteroidentifica\u00e7\u00e3o.<\/p>\n\n\n\n<figure class=\"wp-block-image size-large is-resized\"><a href=\"https:\/\/www.ifbaiano.edu.br\/unidades\/valenca\/files\/2025\/02\/3687-WhatsApp-Image-2025-02-27-at-11.04.588.webp\"><img decoding=\"async\" loading=\"lazy\" src=\"https:\/\/www.ifbaiano.edu.br\/unidades\/valenca\/files\/2025\/02\/3687-WhatsApp-Image-2025-02-27-at-11.04.588-741x1024.webp\" alt=\"\" class=\"wp-image-10070\" width=\"403\" height=\"557\" srcset=\"https:\/\/www.ifbaiano.edu.br\/unidades\/valenca\/files\/2025\/02\/3687-WhatsApp-Image-2025-02-27-at-11.04.588-741x1024.webp 741w, https:\/\/www.ifbaiano.edu.br\/unidades\/valenca\/files\/2025\/02\/3687-WhatsApp-Image-2025-02-27-at-11.04.588-217x300.webp 217w, https:\/\/www.ifbaiano.edu.br\/unidades\/valenca\/files\/2025\/02\/3687-WhatsApp-Image-2025-02-27-at-11.04.588-768x1062.webp 768w, https:\/\/www.ifbaiano.edu.br\/unidades\/valenca\/files\/2025\/02\/3687-WhatsApp-Image-2025-02-27-at-11.04.588-100x138.webp 100w, https:\/\/www.ifbaiano.edu.br\/unidades\/valenca\/files\/2025\/02\/3687-WhatsApp-Image-2025-02-27-at-11.04.588.webp 781w\" sizes=\"(max-width: 403px) 100vw, 403px\" \/><\/a><figcaption class=\"wp-element-caption\">Professor Doutor Tasso Meneses no encontro do Conselho Inter Territorial de Articula\u00e7\u00e3o das Comunidades Quilombolas do Baixo Sul e Litoral Sul da Bahia (CIACOQ)<\/figcaption><\/figure>\n\n\n\n<p>O professor Doutor Eduardo Barcelos descreveu e apresentou elementos levantados no estudo de demanda para a implanta\u00e7\u00e3o do Curso Superior de Tecnologia em Gest\u00e3o Ambiental. O docente enfatizou a relev\u00e2ncia das comunidades tradicionais para a conserva\u00e7\u00e3o do bioma Mata Atl\u00e2ntica no Baixo Sul.<\/p>\n\n\n\n<figure class=\"wp-block-image size-large is-resized\"><a href=\"https:\/\/www.ifbaiano.edu.br\/unidades\/valenca\/files\/2025\/02\/3734-WhatsApp-Image-2025-02-27-at-11.04.58.webp\"><img decoding=\"async\" loading=\"lazy\" src=\"https:\/\/www.ifbaiano.edu.br\/unidades\/valenca\/files\/2025\/02\/3734-WhatsApp-Image-2025-02-27-at-11.04.58-1024x768.webp\" alt=\"\" class=\"wp-image-10071\" width=\"550\" height=\"412\" srcset=\"https:\/\/www.ifbaiano.edu.br\/unidades\/valenca\/files\/2025\/02\/3734-WhatsApp-Image-2025-02-27-at-11.04.58-1024x768.webp 1024w, https:\/\/www.ifbaiano.edu.br\/unidades\/valenca\/files\/2025\/02\/3734-WhatsApp-Image-2025-02-27-at-11.04.58-300x225.webp 300w, https:\/\/www.ifbaiano.edu.br\/unidades\/valenca\/files\/2025\/02\/3734-WhatsApp-Image-2025-02-27-at-11.04.58-768x576.webp 768w, https:\/\/www.ifbaiano.edu.br\/unidades\/valenca\/files\/2025\/02\/3734-WhatsApp-Image-2025-02-27-at-11.04.58-100x75.webp 100w, https:\/\/www.ifbaiano.edu.br\/unidades\/valenca\/files\/2025\/02\/3734-WhatsApp-Image-2025-02-27-at-11.04.58.webp 1440w\" sizes=\"(max-width: 550px) 100vw, 550px\" \/><\/a><figcaption class=\"wp-element-caption\">Professor Doutor Eduardo Barcelos no encontro do Conselho Inter Territorial de Articula\u00e7\u00e3o das Comunidades Quilombolas do Baixo Sul e Litoral Sul da Bahia (CIACOQ)<\/figcaption><\/figure>\n\n\n\n<p>Todas as falas foram recebidas com bastante interesse, entusiasmo e alegria. Isso sinalizou a import\u00e2ncia do di\u00e1logo do IF Baiano Campus Valen\u00e7a com as comunidades locais. Esse encontro possibilita a constru\u00e7\u00e3o conjunta de caminhos para a produ\u00e7\u00e3o de conhecimento comprometido com as realidades do territ\u00f3rio.<\/p>\n\n\n\n<figure class=\"wp-block-image size-large is-style-default\"><a href=\"https:\/\/www.ifbaiano.edu.br\/unidades\/valenca\/files\/2025\/02\/3972-WhatsApp-Image-2025-02-27-at-11.03.23.webp\"><img decoding=\"async\" loading=\"lazy\" width=\"1024\" height=\"768\" src=\"https:\/\/www.ifbaiano.edu.br\/unidades\/valenca\/files\/2025\/02\/3972-WhatsApp-Image-2025-02-27-at-11.03.23-1024x768.webp\" alt=\"\" class=\"wp-image-10072\" srcset=\"https:\/\/www.ifbaiano.edu.br\/unidades\/valenca\/files\/2025\/02\/3972-WhatsApp-Image-2025-02-27-at-11.03.23-1024x768.webp 1024w, https:\/\/www.ifbaiano.edu.br\/unidades\/valenca\/files\/2025\/02\/3972-WhatsApp-Image-2025-02-27-at-11.03.23-300x225.webp 300w, https:\/\/www.ifbaiano.edu.br\/unidades\/valenca\/files\/2025\/02\/3972-WhatsApp-Image-2025-02-27-at-11.03.23-768x576.webp 768w, https:\/\/www.ifbaiano.edu.br\/unidades\/valenca\/files\/2025\/02\/3972-WhatsApp-Image-2025-02-27-at-11.03.23-100x75.webp 100w, https:\/\/www.ifbaiano.edu.br\/unidades\/valenca\/files\/2025\/02\/3972-WhatsApp-Image-2025-02-27-at-11.03.23.webp 1440w\" sizes=\"(max-width: 1024px) 100vw, 1024px\" \/><\/a><\/figure>\n","protected":false},"excerpt":{"rendered":"<p>O evento, que aconteceu no dia 21\/02, em Ituber\u00e1, teve como proposta avaliar a situa\u00e7\u00e3o da Educa\u00e7\u00e3o nas comunidades remanescentes quilombolas e tra\u00e7ar linhas de a\u00e7\u00e3o do movimento O IF Baiano marcou presen\u00e7a no encontro do Conselho Inter Territorial de Articula\u00e7\u00e3o das Comunidades Quilombolas do Baixo Sul e Litoral Sul da Bahia (CIACOQ), que aconteceu [&hellip;]<\/p>\n","protected":false},"author":171,"featured_media":10072,"comment_status":"open","ping_status":"open","sticky":true,"template":"","format":"standard","meta":[],"categories":[5,26],"tags":[],"_links":{"self":[{"href":"https:\/\/www.ifbaiano.edu.br\/unidades\/valenca\/wp-json\/wp\/v2\/posts\/10065"}],"collection":[{"href":"https:\/\/www.ifbaiano.edu.br\/unidades\/valenca\/wp-json\/wp\/v2\/posts"}],"about":[{"href":"https:\/\/www.ifbaiano.edu.br\/unidades\/valenca\/wp-json\/wp\/v2\/types\/post"}],"author":[{"embeddable":true,"href":"https:\/\/www.ifbaiano.edu.br\/unidades\/valenca\/wp-json\/wp\/v2\/users\/171"}],"replies":[{"embeddable":true,"href":"https:\/\/www.ifbaiano.edu.br\/unidades\/valenca\/wp-json\/wp\/v2\/comments?post=10065"}],"version-history":[{"count":2,"href":"https:\/\/www.ifbaiano.edu.br\/unidades\/valenca\/wp-json\/wp\/v2\/posts\/10065\/revisions"}],"predecessor-version":[{"id":10074,"href":"https:\/\/www.ifbaiano.edu.br\/unidades\/valenca\/wp-json\/wp\/v2\/posts\/10065\/revisions\/10074"}],"wp:featuredmedia":[{"embeddable":true,"href":"https:\/\/www.ifbaiano.edu.br\/unidades\/valenca\/wp-json\/wp\/v2\/media\/10072"}],"wp:attachment":[{"href":"https:\/\/www.ifbaiano.edu.br\/unidades\/valenca\/wp-json\/wp\/v2\/media?parent=10065"}],"wp:term":[{"taxonomy":"category","embeddable":true,"href":"https:\/\/www.ifbaiano.edu.br\/unidades\/valenca\/wp-json\/wp\/v2\/categories?post=10065"},{"taxonomy":"post_tag","embeddable":true,"href":"https:\/\/www.ifbaiano.edu.br\/unidades\/valenca\/wp-json\/wp\/v2\/tags?post=10065"}],"curies":[{"name":"wp","href":"https:\/\/api.w.org\/{rel}","templated":true}]}}