{"id":10075,"date":"2025-03-26T10:43:21","date_gmt":"2025-03-26T13:43:21","guid":{"rendered":"https:\/\/www.ifbaiano.edu.br\/unidades\/valenca\/?p=10075"},"modified":"2025-03-26T10:43:24","modified_gmt":"2025-03-26T13:43:24","slug":"if-baiano-dialoga-com-ifba-e-uneb-para-estabelecerem-parcerias-e-cooperacao-entre-projetos","status":"publish","type":"post","link":"https:\/\/www.ifbaiano.edu.br\/unidades\/valenca\/2025\/03\/26\/if-baiano-dialoga-com-ifba-e-uneb-para-estabelecerem-parcerias-e-cooperacao-entre-projetos\/","title":{"rendered":"IF Baiano dialoga com IFBA e UNEB para estabelecerem parcerias e coopera\u00e7\u00e3o entre projetos"},"content":{"rendered":"\n<p>O evento aconteceu no dia 20 de mar\u00e7o, no audit\u00f3rio do IFBA<\/p>\n\n\n\n<figure class=\"wp-block-gallery has-nested-images columns-default is-cropped wp-block-gallery-1 is-layout-flex\">\n<figure class=\"wp-block-image size-large\"><a href=\"https:\/\/www.ifbaiano.edu.br\/unidades\/valenca\/files\/2025\/03\/6498-WhatsApp-Image-2025-03-25-at-16.57.44.webp\"><img decoding=\"async\" loading=\"lazy\" width=\"1024\" height=\"768\" data-id=\"10076\"  src=\"https:\/\/www.ifbaiano.edu.br\/unidades\/valenca\/files\/2025\/03\/6498-WhatsApp-Image-2025-03-25-at-16.57.44-1024x768.webp\" alt=\"\" class=\"wp-image-10076\" srcset=\"https:\/\/www.ifbaiano.edu.br\/unidades\/valenca\/files\/2025\/03\/6498-WhatsApp-Image-2025-03-25-at-16.57.44-1024x768.webp 1024w, https:\/\/www.ifbaiano.edu.br\/unidades\/valenca\/files\/2025\/03\/6498-WhatsApp-Image-2025-03-25-at-16.57.44-300x225.webp 300w, https:\/\/www.ifbaiano.edu.br\/unidades\/valenca\/files\/2025\/03\/6498-WhatsApp-Image-2025-03-25-at-16.57.44-768x576.webp 768w, https:\/\/www.ifbaiano.edu.br\/unidades\/valenca\/files\/2025\/03\/6498-WhatsApp-Image-2025-03-25-at-16.57.44-100x75.webp 100w, https:\/\/www.ifbaiano.edu.br\/unidades\/valenca\/files\/2025\/03\/6498-WhatsApp-Image-2025-03-25-at-16.57.44.webp 1280w\" sizes=\"(max-width: 1024px) 100vw, 1024px\" \/><\/a><\/figure>\n<\/figure>\n\n\n\n<p>O IFBaiano Valen\u00e7a, o Instituto Federal da Bahia (IFBA Valen\u00e7a) e o campus XV da UNEB realizaram no \u00faltimo dia 20 de mar\u00e7o, no campus do IFBA, em Valen\u00e7a, o primeiro Workshop entre as institui\u00e7\u00f5es para debater as possibilidades de parceria e coopera\u00e7\u00e3o entre projetos.<\/p>\n\n\n\n<p>Com a motiva\u00e7\u00e3o de estreitar rela\u00e7\u00f5es institucionais e apresentar os projetos de pesquisa planejados e executados nas \u00e1reas de ci\u00eancias ambientais e agr\u00e1rias,&nbsp;o encontro ampliou a sinergia entre as institui\u00e7\u00f5es e permitiu a apresenta\u00e7\u00e3o de projetos para visualiza\u00e7\u00e3o de pontos comuns e converg\u00eancias entre temas e agendas de trabalho.<\/p>\n\n\n\n<p>Para o professor e coordenador do curso t\u00e9cnico subsequente em Meio Ambiente, Eduardo Barcelos, que representou o campus Valen\u00e7a do IF Baiano, o encontro colocou em pauta os temas e as propostas de investiga\u00e7\u00e3o com potencial para fortalecer os arranjos produtivos locais e as a\u00e7\u00f5es de desenvolvimento comunit\u00e1rio por meio de inova\u00e7\u00e3o, ci\u00eancia e a tecnologia.\u00a0Produ\u00e7\u00e3o de alimentos, seguran\u00e7a h\u00eddrica, pesquisa aplicada, grandes projetos, impactos ambientais, bioinsumos, assist\u00eancia t\u00e9cnica e economia solid\u00e1ria foram alguns dos temas debatidos. &#8220;O encontro foi necess\u00e1rio para visualizarmos, coletivamente, as grandes quest\u00f5es estrat\u00e9gicas que envolvem o Baixo Sul para poder orientar o pr\u00f3prio desenvolvimento cient\u00edfico e institucional. A apresenta\u00e7\u00e3o das pesquisas indicaram os desafios das institui\u00e7\u00f5es para pensar os rumos da educa\u00e7\u00e3o tecnol\u00f3gica e superior e os padr\u00f5es de desenvolvimento que podemos ajudar a organizar. Afinal, nossa produ\u00e7\u00e3o cient\u00edfica precisa estar territorializada para pensar e intervir nos problemas concretos que atravessam a vida social e econ\u00f4mica da regi\u00e3o.&#8221;<\/p>\n\n\n\n<figure class=\"wp-block-gallery has-nested-images columns-default is-cropped wp-block-gallery-3 is-layout-flex\">\n<figure class=\"wp-block-image size-large\"><a href=\"https:\/\/www.ifbaiano.edu.br\/unidades\/valenca\/files\/2025\/03\/6554-WhatsApp-Image-2025-03-25-at-16.57.45-1.webp\"><img decoding=\"async\" loading=\"lazy\" width=\"1024\" height=\"768\" data-id=\"10080\"  src=\"https:\/\/www.ifbaiano.edu.br\/unidades\/valenca\/files\/2025\/03\/6554-WhatsApp-Image-2025-03-25-at-16.57.45-1-1024x768.webp\" alt=\"\" class=\"wp-image-10080\" srcset=\"https:\/\/www.ifbaiano.edu.br\/unidades\/valenca\/files\/2025\/03\/6554-WhatsApp-Image-2025-03-25-at-16.57.45-1-1024x768.webp 1024w, https:\/\/www.ifbaiano.edu.br\/unidades\/valenca\/files\/2025\/03\/6554-WhatsApp-Image-2025-03-25-at-16.57.45-1-300x225.webp 300w, https:\/\/www.ifbaiano.edu.br\/unidades\/valenca\/files\/2025\/03\/6554-WhatsApp-Image-2025-03-25-at-16.57.45-1-768x576.webp 768w, https:\/\/www.ifbaiano.edu.br\/unidades\/valenca\/files\/2025\/03\/6554-WhatsApp-Image-2025-03-25-at-16.57.45-1-100x75.webp 100w, https:\/\/www.ifbaiano.edu.br\/unidades\/valenca\/files\/2025\/03\/6554-WhatsApp-Image-2025-03-25-at-16.57.45-1.webp 1280w\" sizes=\"(max-width: 1024px) 100vw, 1024px\" \/><\/a><\/figure>\n\n\n\n<figure class=\"wp-block-image size-large\"><a href=\"https:\/\/www.ifbaiano.edu.br\/unidades\/valenca\/files\/2025\/03\/6554-WhatsApp-Image-2025-03-25-at-16.57.45-2.webp\"><img decoding=\"async\" loading=\"lazy\" width=\"1024\" height=\"576\" data-id=\"10081\"  src=\"https:\/\/www.ifbaiano.edu.br\/unidades\/valenca\/files\/2025\/03\/6554-WhatsApp-Image-2025-03-25-at-16.57.45-2-1024x576.webp\" alt=\"\" class=\"wp-image-10081\" srcset=\"https:\/\/www.ifbaiano.edu.br\/unidades\/valenca\/files\/2025\/03\/6554-WhatsApp-Image-2025-03-25-at-16.57.45-2-1024x576.webp 1024w, https:\/\/www.ifbaiano.edu.br\/unidades\/valenca\/files\/2025\/03\/6554-WhatsApp-Image-2025-03-25-at-16.57.45-2-300x169.webp 300w, https:\/\/www.ifbaiano.edu.br\/unidades\/valenca\/files\/2025\/03\/6554-WhatsApp-Image-2025-03-25-at-16.57.45-2-768x432.webp 768w, https:\/\/www.ifbaiano.edu.br\/unidades\/valenca\/files\/2025\/03\/6554-WhatsApp-Image-2025-03-25-at-16.57.45-2-1536x864.webp 1536w, https:\/\/www.ifbaiano.edu.br\/unidades\/valenca\/files\/2025\/03\/6554-WhatsApp-Image-2025-03-25-at-16.57.45-2-100x56.webp 100w, https:\/\/www.ifbaiano.edu.br\/unidades\/valenca\/files\/2025\/03\/6554-WhatsApp-Image-2025-03-25-at-16.57.45-2.webp 1600w\" sizes=\"(max-width: 1024px) 100vw, 1024px\" \/><\/a><\/figure>\n\n\n\n<figure class=\"wp-block-image size-large\"><a href=\"https:\/\/www.ifbaiano.edu.br\/unidades\/valenca\/files\/2025\/03\/6554-WhatsApp-Image-2025-03-25-at-16.57.45.webp\"><img decoding=\"async\" loading=\"lazy\" width=\"1024\" height=\"768\" data-id=\"10082\"  src=\"https:\/\/www.ifbaiano.edu.br\/unidades\/valenca\/files\/2025\/03\/6554-WhatsApp-Image-2025-03-25-at-16.57.45-1024x768.webp\" alt=\"\" class=\"wp-image-10082\" srcset=\"https:\/\/www.ifbaiano.edu.br\/unidades\/valenca\/files\/2025\/03\/6554-WhatsApp-Image-2025-03-25-at-16.57.45-1024x768.webp 1024w, https:\/\/www.ifbaiano.edu.br\/unidades\/valenca\/files\/2025\/03\/6554-WhatsApp-Image-2025-03-25-at-16.57.45-300x225.webp 300w, https:\/\/www.ifbaiano.edu.br\/unidades\/valenca\/files\/2025\/03\/6554-WhatsApp-Image-2025-03-25-at-16.57.45-768x576.webp 768w, https:\/\/www.ifbaiano.edu.br\/unidades\/valenca\/files\/2025\/03\/6554-WhatsApp-Image-2025-03-25-at-16.57.45-100x75.webp 100w, https:\/\/www.ifbaiano.edu.br\/unidades\/valenca\/files\/2025\/03\/6554-WhatsApp-Image-2025-03-25-at-16.57.45.webp 1280w\" sizes=\"(max-width: 1024px) 100vw, 1024px\" \/><\/a><\/figure>\n<\/figure>\n\n\n\n<p>Com o encontro, as institui\u00e7\u00f5es reafirmaram a necessidade de aproximar as agendas de pesquisa e avan\u00e7ar na elabora\u00e7\u00e3o de um termo de coopera\u00e7\u00e3o institucional que possa fortalecer a educa\u00e7\u00e3o, a produ\u00e7\u00e3o cient\u00edfica e a capta\u00e7\u00e3o de recursos para novas iniciativas no territ\u00f3rio do Baixo Sul.<\/p>\n","protected":false},"excerpt":{"rendered":"<p>O evento aconteceu no dia 20 de mar\u00e7o, no audit\u00f3rio do IFBA O IFBaiano Valen\u00e7a, o Instituto Federal da Bahia (IFBA Valen\u00e7a) e o campus XV da UNEB realizaram no \u00faltimo dia 20 de mar\u00e7o, no campus do IFBA, em Valen\u00e7a, o primeiro Workshop entre as institui\u00e7\u00f5es para debater as possibilidades de parceria e coopera\u00e7\u00e3o [&hellip;]<\/p>\n","protected":false},"author":171,"featured_media":10076,"comment_status":"open","ping_status":"open","sticky":false,"template":"","format":"standard","meta":[],"categories":[5,26,63],"tags":[],"_links":{"self":[{"href":"https:\/\/www.ifbaiano.edu.br\/unidades\/valenca\/wp-json\/wp\/v2\/posts\/10075"}],"collection":[{"href":"https:\/\/www.ifbaiano.edu.br\/unidades\/valenca\/wp-json\/wp\/v2\/posts"}],"about":[{"href":"https:\/\/www.ifbaiano.edu.br\/unidades\/valenca\/wp-json\/wp\/v2\/types\/post"}],"author":[{"embeddable":true,"href":"https:\/\/www.ifbaiano.edu.br\/unidades\/valenca\/wp-json\/wp\/v2\/users\/171"}],"replies":[{"embeddable":true,"href":"https:\/\/www.ifbaiano.edu.br\/unidades\/valenca\/wp-json\/wp\/v2\/comments?post=10075"}],"version-history":[{"count":1,"href":"https:\/\/www.ifbaiano.edu.br\/unidades\/valenca\/wp-json\/wp\/v2\/posts\/10075\/revisions"}],"predecessor-version":[{"id":10083,"href":"https:\/\/www.ifbaiano.edu.br\/unidades\/valenca\/wp-json\/wp\/v2\/posts\/10075\/revisions\/10083"}],"wp:featuredmedia":[{"embeddable":true,"href":"https:\/\/www.ifbaiano.edu.br\/unidades\/valenca\/wp-json\/wp\/v2\/media\/10076"}],"wp:attachment":[{"href":"https:\/\/www.ifbaiano.edu.br\/unidades\/valenca\/wp-json\/wp\/v2\/media?parent=10075"}],"wp:term":[{"taxonomy":"category","embeddable":true,"href":"https:\/\/www.ifbaiano.edu.br\/unidades\/valenca\/wp-json\/wp\/v2\/categories?post=10075"},{"taxonomy":"post_tag","embeddable":true,"href":"https:\/\/www.ifbaiano.edu.br\/unidades\/valenca\/wp-json\/wp\/v2\/tags?post=10075"}],"curies":[{"name":"wp","href":"https:\/\/api.w.org\/{rel}","templated":true}]}}