{"id":1010,"date":"2011-11-14T02:50:32","date_gmt":"2011-11-14T02:50:32","guid":{"rendered":"http:\/\/www.ifbaiano.edu.br\/unidades\/valenca\/?p=1010"},"modified":"2011-11-14T02:50:32","modified_gmt":"2011-11-14T02:50:32","slug":"campus-valenca-oferece-aulas-de-karate-para-alunos-e-servidores","status":"publish","type":"post","link":"https:\/\/www.ifbaiano.edu.br\/unidades\/valenca\/2011\/11\/14\/campus-valenca-oferece-aulas-de-karate-para-alunos-e-servidores\/","title":{"rendered":"Campus Valen\u00e7a oferece aulas de Karat\u00ea para alunos e servidores"},"content":{"rendered":"<p>O Campus Valen\u00e7a oferecer\u00e1 aulas de Karat\u00ea-do Tradicional para alunos e servidores. As aulas ser\u00e3o ministradas pelo professor de Educa\u00e7\u00e3o F\u00edsica do <em>Campus<\/em>, Cleber de Jesus Figueiredo &#8211; 2\u00ba DAN. S\u00e3o disponibilizada 30 vagas para alunos (15 do sexo feminino e 15 do sexo masculino) e 5 vagas para servidores. \u00a0\u00a0<\/p>\n<p>A atividade acontecer\u00e1 no Audit\u00f3rio do <em>Campus<\/em> as <strong>SEGUNDAS E QUARTA-FEIRAS, NO HOR\u00c1RIO DAS 17h30min \u00a0\u00e0s 19h00min<\/strong>.<\/p>\n<p>As inscri\u00e7\u00f5es acontecem entre os dias 11 e 18 de novembro no NGAA do Campus. E, apenas os Pais ou Respons\u00e1veis podem efetuar a inscri\u00e7\u00e3o dos alunos interessados.<\/p>\n<p>Ser\u00e3o inscritos at\u00e9 60 alunos (duas vezes o n\u00famero de vagas), mas s\u00f3 ser\u00e3o homologadas 30 inscritos, conforme informa\u00e7\u00e3o acima. Para tanto, ser\u00e3o seguidos os seguintes crit\u00e9rios:\u00a0<\/p>\n<ol>\n<li>Ser aluno devidamente matriculado na Institui\u00e7\u00e3o.<\/li>\n<li>Participa\u00e7\u00e3o efetiva com a institui\u00e7\u00e3o.<\/li>\n<li>Ter compromisso com as atividades escolares.<\/li>\n<\/ol>\n<p><strong>As aulas ter\u00e3o inicio no dia 21 de novembro.<\/strong><\/p>\n<p>\u00a0<em>\u201cO Karat\u00ea-do na escola, \u00e9 uma grande ferramenta para o aprendizado dos adolescentes. Esta atividade combate o stress e a agressividade, resultando em ganhos f\u00edsicos gerais: resist\u00eancia org\u00e2nica, melhora da flexibilidade,<strong> <\/strong>da for\u00e7a, do equil\u00edbrio f\u00edsico e mental\u201d<\/em> \u2013 afirma o Prof. Cleber<\/p>\n<p>&nbsp;<\/p>\n","protected":false},"excerpt":{"rendered":"<p>O Campus Valen\u00e7a oferecer\u00e1 aulas de Karat\u00ea-do Tradicional para alunos e servidores. As aulas ser\u00e3o ministradas pelo professor de Educa\u00e7\u00e3o F\u00edsica do Campus, Cleber de Jesus Figueiredo &#8211; 2\u00ba DAN. S\u00e3o disponibilizada 30 vagas para alunos (15 do sexo feminino e 15 do sexo masculino) e 5 vagas para servidores. \u00a0\u00a0 A atividade acontecer\u00e1 no [&hellip;]<\/p>\n","protected":false},"author":6,"featured_media":0,"comment_status":"open","ping_status":"open","sticky":false,"template":"","format":"standard","meta":[],"categories":[5,19],"tags":[],"_links":{"self":[{"href":"https:\/\/www.ifbaiano.edu.br\/unidades\/valenca\/wp-json\/wp\/v2\/posts\/1010"}],"collection":[{"href":"https:\/\/www.ifbaiano.edu.br\/unidades\/valenca\/wp-json\/wp\/v2\/posts"}],"about":[{"href":"https:\/\/www.ifbaiano.edu.br\/unidades\/valenca\/wp-json\/wp\/v2\/types\/post"}],"author":[{"embeddable":true,"href":"https:\/\/www.ifbaiano.edu.br\/unidades\/valenca\/wp-json\/wp\/v2\/users\/6"}],"replies":[{"embeddable":true,"href":"https:\/\/www.ifbaiano.edu.br\/unidades\/valenca\/wp-json\/wp\/v2\/comments?post=1010"}],"version-history":[{"count":2,"href":"https:\/\/www.ifbaiano.edu.br\/unidades\/valenca\/wp-json\/wp\/v2\/posts\/1010\/revisions"}],"predecessor-version":[{"id":1012,"href":"https:\/\/www.ifbaiano.edu.br\/unidades\/valenca\/wp-json\/wp\/v2\/posts\/1010\/revisions\/1012"}],"wp:attachment":[{"href":"https:\/\/www.ifbaiano.edu.br\/unidades\/valenca\/wp-json\/wp\/v2\/media?parent=1010"}],"wp:term":[{"taxonomy":"category","embeddable":true,"href":"https:\/\/www.ifbaiano.edu.br\/unidades\/valenca\/wp-json\/wp\/v2\/categories?post=1010"},{"taxonomy":"post_tag","embeddable":true,"href":"https:\/\/www.ifbaiano.edu.br\/unidades\/valenca\/wp-json\/wp\/v2\/tags?post=1010"}],"curies":[{"name":"wp","href":"https:\/\/api.w.org\/{rel}","templated":true}]}}