{"id":10104,"date":"2025-04-14T17:27:33","date_gmt":"2025-04-14T20:27:33","guid":{"rendered":"https:\/\/www.ifbaiano.edu.br\/unidades\/valenca\/?p=10104"},"modified":"2025-04-14T17:27:33","modified_gmt":"2025-04-14T20:27:33","slug":"edital-de-renovacao-de-matricula-do-curso-subsequente-em-meio-ambiente","status":"publish","type":"post","link":"https:\/\/www.ifbaiano.edu.br\/unidades\/valenca\/2025\/04\/14\/edital-de-renovacao-de-matricula-do-curso-subsequente-em-meio-ambiente\/","title":{"rendered":"Edital de Renova\u00e7\u00e3o de Matr\u00edcula do curso Subsequente em Meio Ambiente"},"content":{"rendered":"\n<p>Per\u00edodo de 18 a 21 de abril de 2025 via SUAP<\/p>\n\n\n\n<figure class=\"wp-block-image size-large is-resized\"><a href=\"https:\/\/www.ifbaiano.edu.br\/unidades\/valenca\/files\/2025\/04\/2379-EDITAL-DE-RENOVACAO-DE-MATRICULA-\u2013-CURSO-SUBSEQUENTE-MEIO-AMBIENTE.webp\"><img decoding=\"async\" loading=\"lazy\" src=\"https:\/\/www.ifbaiano.edu.br\/unidades\/valenca\/files\/2025\/04\/2379-EDITAL-DE-RENOVACAO-DE-MATRICULA-\u2013-CURSO-SUBSEQUENTE-MEIO-AMBIENTE-819x1024.webp\" alt=\"\" class=\"wp-image-10108\" width=\"413\" height=\"517\" srcset=\"https:\/\/www.ifbaiano.edu.br\/unidades\/valenca\/files\/2025\/04\/2379-EDITAL-DE-RENOVACAO-DE-MATRICULA-\u2013-CURSO-SUBSEQUENTE-MEIO-AMBIENTE-819x1024.webp 819w, https:\/\/www.ifbaiano.edu.br\/unidades\/valenca\/files\/2025\/04\/2379-EDITAL-DE-RENOVACAO-DE-MATRICULA-\u2013-CURSO-SUBSEQUENTE-MEIO-AMBIENTE-240x300.webp 240w, https:\/\/www.ifbaiano.edu.br\/unidades\/valenca\/files\/2025\/04\/2379-EDITAL-DE-RENOVACAO-DE-MATRICULA-\u2013-CURSO-SUBSEQUENTE-MEIO-AMBIENTE-768x960.webp 768w, https:\/\/www.ifbaiano.edu.br\/unidades\/valenca\/files\/2025\/04\/2379-EDITAL-DE-RENOVACAO-DE-MATRICULA-\u2013-CURSO-SUBSEQUENTE-MEIO-AMBIENTE-100x125.webp 100w, https:\/\/www.ifbaiano.edu.br\/unidades\/valenca\/files\/2025\/04\/2379-EDITAL-DE-RENOVACAO-DE-MATRICULA-\u2013-CURSO-SUBSEQUENTE-MEIO-AMBIENTE.webp 864w\" sizes=\"(max-width: 413px) 100vw, 413px\" \/><\/a><\/figure>\n\n\n\n<p>RENOVA\u00c7\u00c3O DE MATR\u00cdCULA \u2013 CURSO SUBSEQUENTE &#8211; T\u00c9CNICO EM MEIO AMBIENTE<br>O Diretor-Geral do Instituto Federal de Educa\u00e7\u00e3o, Ci\u00eancia e Tecnologia Baiano, Campus Valen\u00e7a, nomeado sob<br>Portaria N\u00ba 286, de 18\/03\/2022, no D.O.U. de 21\/03\/2022, de acordo com as disposi\u00e7\u00f5es da legisla\u00e7\u00e3o em<br>vigor, FAZ SABER, atrav\u00e9s deste Edital, as condi\u00e7\u00f5es para Renova\u00e7\u00e3o de Matr\u00edcula para o per\u00edodo letivo de<br>2024.2 e 2025.1 para os (as) discentes do curso T\u00e9cnico em Meio Ambiente &#8211; subsequente na<br>modalidade presencial do Campus de Valen\u00e7a, seguindo as informa\u00e7\u00f5es abaixo e em conson\u00e2ncia com o que<br>rege a Organiza\u00e7\u00e3o Did\u00e1tica dos Cursos da Educa\u00e7\u00e3o Profissional T\u00e9cnica de N\u00edvel M\u00e9dio do IF Baiano vigente.<\/p>\n\n\n\n<ol>\n<li>DAS NORMAS PARA RENOVA\u00c7\u00c3O DE MATR\u00cdCULA<br>1.1 A renova\u00e7\u00e3o de matr\u00edcula ser\u00e1 realizada atrav\u00e9s do portal do aluno no Sistema Acad\u00eamico SUAP,<br>seguindo as orienta\u00e7\u00f5es que constam no ANEXO I, nos dias 18, 19, 20 e at\u00e9 as 23:59h do dia 21 de abril de<br>2025<\/li>\n<\/ol>\n\n\n\n<p>Confira o edital:<\/p>\n\n\n\n<div class=\"wp-block-file\"><a id=\"wp-block-file--media-a1d1e754-0824-4d25-a918-ab775ae66f67\" href=\"https:\/\/www.ifbaiano.edu.br\/unidades\/valenca\/files\/2025\/04\/EDITAL-DE-RENOVACAO-DE-MATRICULA-\u2013-CURSO-SUBSEQUENTE-MEIO-AMBIENTE-2024.2-e-2025.1.pdf\">EDITAL-DE-RENOVACAO-DE-MATRICULA-\u2013-CURSO-SUBSEQUENTE-MEIO-AMBIENTE-2024.2-e-2025.1<\/a><\/div>\n","protected":false},"excerpt":{"rendered":"<p>Per\u00edodo de 18 a 21 de abril de 2025 via SUAP RENOVA\u00c7\u00c3O DE MATR\u00cdCULA \u2013 CURSO SUBSEQUENTE &#8211; T\u00c9CNICO EM MEIO AMBIENTEO Diretor-Geral do Instituto Federal de Educa\u00e7\u00e3o, Ci\u00eancia e Tecnologia Baiano, Campus Valen\u00e7a, nomeado sobPortaria N\u00ba 286, de 18\/03\/2022, no D.O.U. de 21\/03\/2022, de acordo com as disposi\u00e7\u00f5es da legisla\u00e7\u00e3o emvigor, FAZ SABER, atrav\u00e9s [&hellip;]<\/p>\n","protected":false},"author":171,"featured_media":10108,"comment_status":"open","ping_status":"open","sticky":false,"template":"","format":"standard","meta":[],"categories":[5,36,10],"tags":[71,64,122],"_links":{"self":[{"href":"https:\/\/www.ifbaiano.edu.br\/unidades\/valenca\/wp-json\/wp\/v2\/posts\/10104"}],"collection":[{"href":"https:\/\/www.ifbaiano.edu.br\/unidades\/valenca\/wp-json\/wp\/v2\/posts"}],"about":[{"href":"https:\/\/www.ifbaiano.edu.br\/unidades\/valenca\/wp-json\/wp\/v2\/types\/post"}],"author":[{"embeddable":true,"href":"https:\/\/www.ifbaiano.edu.br\/unidades\/valenca\/wp-json\/wp\/v2\/users\/171"}],"replies":[{"embeddable":true,"href":"https:\/\/www.ifbaiano.edu.br\/unidades\/valenca\/wp-json\/wp\/v2\/comments?post=10104"}],"version-history":[{"count":1,"href":"https:\/\/www.ifbaiano.edu.br\/unidades\/valenca\/wp-json\/wp\/v2\/posts\/10104\/revisions"}],"predecessor-version":[{"id":10109,"href":"https:\/\/www.ifbaiano.edu.br\/unidades\/valenca\/wp-json\/wp\/v2\/posts\/10104\/revisions\/10109"}],"wp:featuredmedia":[{"embeddable":true,"href":"https:\/\/www.ifbaiano.edu.br\/unidades\/valenca\/wp-json\/wp\/v2\/media\/10108"}],"wp:attachment":[{"href":"https:\/\/www.ifbaiano.edu.br\/unidades\/valenca\/wp-json\/wp\/v2\/media?parent=10104"}],"wp:term":[{"taxonomy":"category","embeddable":true,"href":"https:\/\/www.ifbaiano.edu.br\/unidades\/valenca\/wp-json\/wp\/v2\/categories?post=10104"},{"taxonomy":"post_tag","embeddable":true,"href":"https:\/\/www.ifbaiano.edu.br\/unidades\/valenca\/wp-json\/wp\/v2\/tags?post=10104"}],"curies":[{"name":"wp","href":"https:\/\/api.w.org\/{rel}","templated":true}]}}