{"id":10110,"date":"2025-04-15T14:19:17","date_gmt":"2025-04-15T17:19:17","guid":{"rendered":"https:\/\/www.ifbaiano.edu.br\/unidades\/valenca\/?p=10110"},"modified":"2025-04-15T14:19:17","modified_gmt":"2025-04-15T17:19:17","slug":"edital-de-renovacao-de-matricula-do-curso-licenciatura-em-ciencias-biologicas","status":"publish","type":"post","link":"https:\/\/www.ifbaiano.edu.br\/unidades\/valenca\/2025\/04\/15\/edital-de-renovacao-de-matricula-do-curso-licenciatura-em-ciencias-biologicas\/","title":{"rendered":"Edital de Renova\u00e7\u00e3o de Matr\u00edcula do curso Licenciatura em Ci\u00eancias Biol\u00f3gicas"},"content":{"rendered":"\n<p>Per\u00edodo de rematr\u00edcula de 15 a 17 de abril de 2025 via SUAP<\/p>\n\n\n\n<figure class=\"wp-block-image size-large is-resized\"><a href=\"https:\/\/www.ifbaiano.edu.br\/unidades\/valenca\/files\/2025\/04\/6884-EditalRenovacaoMatriculaBiologia.webp\"><img decoding=\"async\" loading=\"lazy\" src=\"https:\/\/www.ifbaiano.edu.br\/unidades\/valenca\/files\/2025\/04\/6884-EditalRenovacaoMatriculaBiologia-819x1024.webp\" alt=\"\" class=\"wp-image-10111\" width=\"365\" height=\"456\" srcset=\"https:\/\/www.ifbaiano.edu.br\/unidades\/valenca\/files\/2025\/04\/6884-EditalRenovacaoMatriculaBiologia-819x1024.webp 819w, https:\/\/www.ifbaiano.edu.br\/unidades\/valenca\/files\/2025\/04\/6884-EditalRenovacaoMatriculaBiologia-240x300.webp 240w, https:\/\/www.ifbaiano.edu.br\/unidades\/valenca\/files\/2025\/04\/6884-EditalRenovacaoMatriculaBiologia-768x960.webp 768w, https:\/\/www.ifbaiano.edu.br\/unidades\/valenca\/files\/2025\/04\/6884-EditalRenovacaoMatriculaBiologia-100x125.webp 100w, https:\/\/www.ifbaiano.edu.br\/unidades\/valenca\/files\/2025\/04\/6884-EditalRenovacaoMatriculaBiologia.webp 864w\" sizes=\"(max-width: 365px) 100vw, 365px\" \/><\/a><\/figure>\n\n\n\n<p>O Diretor-Geral do Instituto Federal de Educa\u00e7\u00e3o, Ci\u00eancia e Tecnologia Baiano, Campus Valen\u00e7a, nomeado sob Portaria N\u00ba 286, de 18\/03\/2022, no D.O.U. de 21\/03\/2022, de acordo com as disposi\u00e7\u00f5es da legisla\u00e7\u00e3o em vigor, FAZ SABER, atrav\u00e9s deste Edital, as condi\u00e7\u00f5es para Renova\u00e7\u00e3o de Matr\u00edcula para o per\u00edodo letivo de 2024.2 e 2025.1 para os(as) discentes do curso licenciatura em ci\u00eancias biol\u00f3gicas modalidade presencial do Campus de Valen\u00e7a, seguindo as informa\u00e7\u00f5es abaixo e em conson\u00e2ncia com o que rege a Organiza\u00e7\u00e3o Did\u00e1tica dos Cursos de Gradua\u00e7\u00e3o do IF Baiano vigente.<\/p>\n\n\n\n<p>Confira o edital: <\/p>\n\n\n\n<div class=\"wp-block-file\"><a id=\"wp-block-file--media-0052d47c-f7bd-4bcb-8852-aafae3113b3b\" href=\"https:\/\/www.ifbaiano.edu.br\/unidades\/valenca\/files\/2025\/04\/Edital-de-Renovacao-de-Matricula-\u2013-Licenciatura-em-Ciencias-Biologicas-2024.2-e-2025.1.pdf\">Edital-de-Renovacao-de-Matricula-\u2013-Licenciatura-em-Ciencias-Biologicas-2024.2-e-2025.1<\/a><\/div>\n","protected":false},"excerpt":{"rendered":"<p>Per\u00edodo de rematr\u00edcula de 15 a 17 de abril de 2025 via SUAP O Diretor-Geral do Instituto Federal de Educa\u00e7\u00e3o, Ci\u00eancia e Tecnologia Baiano, Campus Valen\u00e7a, nomeado sob Portaria N\u00ba 286, de 18\/03\/2022, no D.O.U. de 21\/03\/2022, de acordo com as disposi\u00e7\u00f5es da legisla\u00e7\u00e3o em vigor, FAZ SABER, atrav\u00e9s deste Edital, as condi\u00e7\u00f5es para Renova\u00e7\u00e3o [&hellip;]<\/p>\n","protected":false},"author":171,"featured_media":10111,"comment_status":"open","ping_status":"open","sticky":false,"template":"","format":"standard","meta":[],"categories":[12,63],"tags":[64,125,122],"_links":{"self":[{"href":"https:\/\/www.ifbaiano.edu.br\/unidades\/valenca\/wp-json\/wp\/v2\/posts\/10110"}],"collection":[{"href":"https:\/\/www.ifbaiano.edu.br\/unidades\/valenca\/wp-json\/wp\/v2\/posts"}],"about":[{"href":"https:\/\/www.ifbaiano.edu.br\/unidades\/valenca\/wp-json\/wp\/v2\/types\/post"}],"author":[{"embeddable":true,"href":"https:\/\/www.ifbaiano.edu.br\/unidades\/valenca\/wp-json\/wp\/v2\/users\/171"}],"replies":[{"embeddable":true,"href":"https:\/\/www.ifbaiano.edu.br\/unidades\/valenca\/wp-json\/wp\/v2\/comments?post=10110"}],"version-history":[{"count":2,"href":"https:\/\/www.ifbaiano.edu.br\/unidades\/valenca\/wp-json\/wp\/v2\/posts\/10110\/revisions"}],"predecessor-version":[{"id":10114,"href":"https:\/\/www.ifbaiano.edu.br\/unidades\/valenca\/wp-json\/wp\/v2\/posts\/10110\/revisions\/10114"}],"wp:featuredmedia":[{"embeddable":true,"href":"https:\/\/www.ifbaiano.edu.br\/unidades\/valenca\/wp-json\/wp\/v2\/media\/10111"}],"wp:attachment":[{"href":"https:\/\/www.ifbaiano.edu.br\/unidades\/valenca\/wp-json\/wp\/v2\/media?parent=10110"}],"wp:term":[{"taxonomy":"category","embeddable":true,"href":"https:\/\/www.ifbaiano.edu.br\/unidades\/valenca\/wp-json\/wp\/v2\/categories?post=10110"},{"taxonomy":"post_tag","embeddable":true,"href":"https:\/\/www.ifbaiano.edu.br\/unidades\/valenca\/wp-json\/wp\/v2\/tags?post=10110"}],"curies":[{"name":"wp","href":"https:\/\/api.w.org\/{rel}","templated":true}]}}