{"id":10116,"date":"2025-04-29T21:30:19","date_gmt":"2025-04-30T00:30:19","guid":{"rendered":"https:\/\/www.ifbaiano.edu.br\/unidades\/valenca\/?p=10116"},"modified":"2025-04-29T21:30:20","modified_gmt":"2025-04-30T00:30:20","slug":"edital-de-renovacao-de-matricula-cursos-tecnicos-integrados-agropecuaria-e-agroecologia-2025","status":"publish","type":"post","link":"https:\/\/www.ifbaiano.edu.br\/unidades\/valenca\/2025\/04\/29\/edital-de-renovacao-de-matricula-cursos-tecnicos-integrados-agropecuaria-e-agroecologia-2025\/","title":{"rendered":"Edital de Renova\u00e7\u00e3o de matr\u00edcula &#8211; cursos t\u00e9cnicos integrados &#8211; Agropecu\u00e1ria e Agroecologia &#8211; 2025"},"content":{"rendered":"\n<div class=\"wp-block-file\"><object class=\"wp-block-file__embed\" data=\"https:\/\/www.ifbaiano.edu.br\/unidades\/valenca\/files\/2025\/04\/EDITAL-RENOVACAO-DE-MATRICULA-2025.1-1-E-2-ANOS.pdf\" type=\"application\/pdf\" style=\"width:100%;height:600px\" aria-label=\"Incorporado de EDITAL-RENOVACAO-DE-MATRICULA-2025.1-1-E-2-ANOS.\"><\/object><a id=\"wp-block-file--media-ec9ec784-70a0-4524-a33c-edc19ba9878d\" href=\"https:\/\/www.ifbaiano.edu.br\/unidades\/valenca\/files\/2025\/04\/EDITAL-RENOVACAO-DE-MATRICULA-2025.1-1-E-2-ANOS.pdf\">EDITAL-RENOVACAO-DE-MATRICULA-2025.1-1-E-2-ANOS<\/a><a href=\"https:\/\/www.ifbaiano.edu.br\/unidades\/valenca\/files\/2025\/04\/EDITAL-RENOVACAO-DE-MATRICULA-2025.1-1-E-2-ANOS.pdf\" class=\"wp-block-file__button wp-element-button\" download aria-describedby=\"wp-block-file--media-ec9ec784-70a0-4524-a33c-edc19ba9878d\">Baixar<\/a><\/div>\n","protected":false},"excerpt":{"rendered":"","protected":false},"author":171,"featured_media":0,"comment_status":"open","ping_status":"open","sticky":false,"template":"","format":"standard","meta":[],"categories":[63],"tags":[],"_links":{"self":[{"href":"https:\/\/www.ifbaiano.edu.br\/unidades\/valenca\/wp-json\/wp\/v2\/posts\/10116"}],"collection":[{"href":"https:\/\/www.ifbaiano.edu.br\/unidades\/valenca\/wp-json\/wp\/v2\/posts"}],"about":[{"href":"https:\/\/www.ifbaiano.edu.br\/unidades\/valenca\/wp-json\/wp\/v2\/types\/post"}],"author":[{"embeddable":true,"href":"https:\/\/www.ifbaiano.edu.br\/unidades\/valenca\/wp-json\/wp\/v2\/users\/171"}],"replies":[{"embeddable":true,"href":"https:\/\/www.ifbaiano.edu.br\/unidades\/valenca\/wp-json\/wp\/v2\/comments?post=10116"}],"version-history":[{"count":1,"href":"https:\/\/www.ifbaiano.edu.br\/unidades\/valenca\/wp-json\/wp\/v2\/posts\/10116\/revisions"}],"predecessor-version":[{"id":10118,"href":"https:\/\/www.ifbaiano.edu.br\/unidades\/valenca\/wp-json\/wp\/v2\/posts\/10116\/revisions\/10118"}],"wp:attachment":[{"href":"https:\/\/www.ifbaiano.edu.br\/unidades\/valenca\/wp-json\/wp\/v2\/media?parent=10116"}],"wp:term":[{"taxonomy":"category","embeddable":true,"href":"https:\/\/www.ifbaiano.edu.br\/unidades\/valenca\/wp-json\/wp\/v2\/categories?post=10116"},{"taxonomy":"post_tag","embeddable":true,"href":"https:\/\/www.ifbaiano.edu.br\/unidades\/valenca\/wp-json\/wp\/v2\/tags?post=10116"}],"curies":[{"name":"wp","href":"https:\/\/api.w.org\/{rel}","templated":true}]}}