{"id":10119,"date":"2025-05-06T14:32:32","date_gmt":"2025-05-06T17:32:32","guid":{"rendered":"https:\/\/www.ifbaiano.edu.br\/unidades\/valenca\/?p=10119"},"modified":"2025-05-06T14:35:58","modified_gmt":"2025-05-06T17:35:58","slug":"edital-da-chamada-publica-1-2025-dispensa-de-licitacao-90001-2025-processo-23336-250632-2025-92","status":"publish","type":"post","link":"https:\/\/www.ifbaiano.edu.br\/unidades\/valenca\/2025\/05\/06\/edital-da-chamada-publica-1-2025-dispensa-de-licitacao-90001-2025-processo-23336-250632-2025-92\/","title":{"rendered":"EDITAL DA CHAMADA P\u00daBLICA 1\/2025 DISPENSA DE LICITA\u00c7\u00c3O Aquisi\u00e7\u00e3o de g\u00eaneros aliment\u00edcios da agricultura familiar para o atendimento ao Programa Nacional de Alimenta\u00e7\u00e3o Escolar \u2013 PNAE"},"content":{"rendered":"\n<p>DAS DATAS, HOR\u00c1RIOS E LOCAL DOS EVENTOS: Per\u00edodo de divulga\u00e7\u00e3o da Chamada P\u00fablica: De 30\/04\/2025 a 27\/05\/2025. Entrega dos Envelopes: At\u00e9 \u00e0s 9 horas do dia 27\/05\/2025 (hor\u00e1rio local) Abertura dos Envelopes: Dia 27\/05\/2025, \u00e0s 09:00 horas (hor\u00e1rio local) Endere\u00e7o da Sess\u00e3o P\u00fablica: Audit\u00f3rio do IF Baiano \u2013 Campus Valen\u00e7a, localizada na Rua Glic\u00e9rio Tavares, s\/n, Bate Quente, Valen\u00e7a \u2013 BA, audit\u00f3rio.<\/p>\n\n\n\n<p><\/p>\n\n\n\n<p>Acesse o edital:<\/p>\n\n\n\n<div class=\"wp-block-file\"><a id=\"wp-block-file--media-5066cfe3-74a7-4aee-b3f8-9ecbbd81f57f\" href=\"https:\/\/www.ifbaiano.edu.br\/unidades\/valenca\/files\/2025\/05\/012025_PNAE.pdf\">EDITAL_01_2025_PNAE<\/a><\/div>\n","protected":false},"excerpt":{"rendered":"<p>DAS DATAS, HOR\u00c1RIOS E LOCAL DOS EVENTOS: Per\u00edodo de divulga\u00e7\u00e3o da Chamada P\u00fablica: De 30\/04\/2025 a 27\/05\/2025. Entrega dos Envelopes: At\u00e9 \u00e0s 9 horas do dia 27\/05\/2025 (hor\u00e1rio local) Abertura dos Envelopes: Dia 27\/05\/2025, \u00e0s 09:00 horas (hor\u00e1rio local) Endere\u00e7o da Sess\u00e3o P\u00fablica: Audit\u00f3rio do IF Baiano \u2013 Campus Valen\u00e7a, localizada na Rua Glic\u00e9rio Tavares, [&hellip;]<\/p>\n","protected":false},"author":171,"featured_media":0,"comment_status":"open","ping_status":"open","sticky":true,"template":"","format":"standard","meta":[],"categories":[33],"tags":[],"_links":{"self":[{"href":"https:\/\/www.ifbaiano.edu.br\/unidades\/valenca\/wp-json\/wp\/v2\/posts\/10119"}],"collection":[{"href":"https:\/\/www.ifbaiano.edu.br\/unidades\/valenca\/wp-json\/wp\/v2\/posts"}],"about":[{"href":"https:\/\/www.ifbaiano.edu.br\/unidades\/valenca\/wp-json\/wp\/v2\/types\/post"}],"author":[{"embeddable":true,"href":"https:\/\/www.ifbaiano.edu.br\/unidades\/valenca\/wp-json\/wp\/v2\/users\/171"}],"replies":[{"embeddable":true,"href":"https:\/\/www.ifbaiano.edu.br\/unidades\/valenca\/wp-json\/wp\/v2\/comments?post=10119"}],"version-history":[{"count":2,"href":"https:\/\/www.ifbaiano.edu.br\/unidades\/valenca\/wp-json\/wp\/v2\/posts\/10119\/revisions"}],"predecessor-version":[{"id":10122,"href":"https:\/\/www.ifbaiano.edu.br\/unidades\/valenca\/wp-json\/wp\/v2\/posts\/10119\/revisions\/10122"}],"wp:attachment":[{"href":"https:\/\/www.ifbaiano.edu.br\/unidades\/valenca\/wp-json\/wp\/v2\/media?parent=10119"}],"wp:term":[{"taxonomy":"category","embeddable":true,"href":"https:\/\/www.ifbaiano.edu.br\/unidades\/valenca\/wp-json\/wp\/v2\/categories?post=10119"},{"taxonomy":"post_tag","embeddable":true,"href":"https:\/\/www.ifbaiano.edu.br\/unidades\/valenca\/wp-json\/wp\/v2\/tags?post=10119"}],"curies":[{"name":"wp","href":"https:\/\/api.w.org\/{rel}","templated":true}]}}