{"id":10129,"date":"2025-05-10T22:09:22","date_gmt":"2025-05-11T01:09:22","guid":{"rendered":"https:\/\/www.ifbaiano.edu.br\/unidades\/valenca\/?p=10129"},"modified":"2025-05-10T22:09:22","modified_gmt":"2025-05-11T01:09:22","slug":"campus-valenca-publica-edital-de-selecao-para-programa-de-assistencia-e-inclusao-social-do-estudante-paise-2025-1","status":"publish","type":"post","link":"https:\/\/www.ifbaiano.edu.br\/unidades\/valenca\/2025\/05\/10\/campus-valenca-publica-edital-de-selecao-para-programa-de-assistencia-e-inclusao-social-do-estudante-paise-2025-1\/","title":{"rendered":"Campus Valen\u00e7a publica edital de sele\u00e7\u00e3o para Programa de Assist\u00eancia e Inclus\u00e3o Social do Estudante \u2013 PAISE \u2013 2025.1"},"content":{"rendered":"\n<p>As inscri\u00e7\u00f5es ser\u00e3o entre os dias 16 a 23 de maio de 2025, por meio do SUAP ou na Coordena\u00e7\u00e3o de Assuntos Estudantis <\/p>\n\n\n\n<p>O\u00a0<em>campus<\/em>\u00a0Valen\u00e7a do Instituto Federal de Educa\u00e7\u00e3o, Ci\u00eancia e Tecnologia Baiano \u2013 IF Baiano lan\u00e7ou hoje, 10, o edital do Programa de Assist\u00eancia e Inclus\u00e3o Social do Estudante \u2013 PAISE. As inscri\u00e7\u00f5es ser\u00e3o entre os dias 16 a 23 de maio de 2025, por meio do Sistema Unificado de Administra\u00e7\u00e3o P\u00fablica (SUAP) \u2013\u00a0<a href=\"https:\/\/suap.ifbaiano.edu.br\/\">https:\/\/suap.ifbaiano.edu.br<\/a> ou pela Coordena\u00e7\u00e3o de Assuntos Estudantis (CAE).<\/p>\n\n\n\n<p>Para participar do programa, o estudante dever\u00e1 estar matriculado e com frequ\u00eancia regular em curso ofertado pelo campus, de n\u00edvel m\u00e9dio ou gradua\u00e7\u00e3o, nas modalidades presencial ou EaD e possuir renda per capita familiar de at\u00e9 um sal\u00e1rio m\u00ednimo e meio vigente.<\/p>\n\n\n\n<p>Acesse o edital:<\/p>\n\n\n\n<div class=\"wp-block-file\"><a id=\"wp-block-file--media-91d16e6a-fc26-4160-a4a1-2390e459b100\" href=\"https:\/\/www.ifbaiano.edu.br\/unidades\/valenca\/files\/2025\/05\/edital-paise-20251.pdf\">edital-paise-20251<\/a><\/div>\n\n\n\n<p><strong>Sobre os aux\u00edlios<\/strong><\/p>\n\n\n\n<p><strong>Aux\u00edlio Moradia:<\/strong>&nbsp;concess\u00e3o de recurso financeiro, fixo e mensal para custear as despesas com aluguel aos(\u00e0s) estudantes oriundos(as) de outros munic\u00edpios e\/ou com dificuldade de translado di\u00e1rio, que precisaram se mudar em virtude do ingresso no Instituto e que n\u00e3o tenham sido beneficiados com a Resid\u00eancia Estudantil.<\/p>\n\n\n\n<p><strong>Aux\u00edlio Material Acad\u00eamico:<\/strong>\u00a0concess\u00e3o de repasse financeiro, \u00fanico e anual ao(\u00e0) estudante, para custeio de material acad\u00eamico. Pode ser acumulado com outros aux\u00edlios.<\/p>\n\n\n\n<p><strong>Aux\u00edlio c\u00f3pia<\/strong> <strong>e impress\u00e3o<\/strong>: concess\u00e3o de cota ou repasse financeiro, fixo e mensal, ao estudante para a reprodu\u00e7\u00e3o e\/ou impress\u00e3o do material de uso acad\u00eamico, exceto os casos especificados na Lei 9.610 de 19 de fevereiro de 1998, durante o per\u00edodo letivo. Pode ser acumulado com outros aux\u00edlios e poder\u00e1 ser pago por valor mensal ou semestral.<\/p>\n\n\n\n<p><strong>Aux\u00edlio Perman\u00eancia:<\/strong>&nbsp;concess\u00e3o de repasse financeiro, fixo e mensal, ao(\u00e0) estudante que n\u00e3o possui perfil para os demais aux\u00edlios n\u00e3o acumul\u00e1veis, contudo, vivem em situa\u00e7\u00e3o de vulnerabilidade, e cuja renda per capita familiar seja de at\u00e9 50% do sal\u00e1rio m\u00ednimo vigente.<\/p>\n\n\n\n<p><strong>Aux\u00edlio Creche:<\/strong>&nbsp;concess\u00e3o de repasse financeiro, fixo e mensal, ao(\u00e0) estudante pai, m\u00e3e ou respons\u00e1vel legal de crian\u00e7a de at\u00e9 5 (cinco) anos, 11 meses e 29 dias de idade no ato da inscri\u00e7\u00e3o, ou de pessoa com defici\u00eancia comprovada por laudo m\u00e9dico, que resida com o(a) estudante e n\u00e3o possua amparo familiar para o cuidado durante o hor\u00e1rio de aula. Par\u00e1grafo \u00danico. De acordo com a Portaria N\u00ba 519, de 09 de abril de 2014, \u00e9 vedada a concess\u00e3o de pagamento cumulativo de Aux\u00edlio Creche, por meio do PAISE, a estudantes c\u00f4njuges.<\/p>\n\n\n\n<p><strong>Aux\u00edlio Alimenta\u00e7\u00e3o:<\/strong>&nbsp;Concess\u00e3o de repasse financeiro fixo e mensal para custear despesas com alimenta\u00e7\u00e3o durante o per\u00edodo letivo, desde que n\u00e3o tenha sido contemplado com outro programa institucional com a mesma finalidade.<\/p>\n\n\n\n<p><strong>Aux\u00edlio Transporte:<\/strong>&nbsp;concess\u00e3o de repasse financeiro fixo e mensal a estudantes, para custear as despesas com transporte, auxiliando o translado de ida e volta, ou ida, ou volta ao&nbsp;<em>Campus&nbsp;<\/em>durante o per\u00edodo letivo. Este aux\u00edlio n\u00e3o pode ser concedido a estudantes atendidos por programa similares, tais como transporte ou vales-transportes concedidos pelas prefeituras integralmente.<\/p>\n\n\n\n<p>Em caso de d\u00favidas, o aluno pode encaminhar e-mail para\u00a0<a href=\"mailto:clae@valenca.ifbaiano.edu.br\">clae@valenca.ifbaiano.edu.br<\/a>, ou buscar presencialmente a Coordena\u00e7\u00e3o de Assuntos Estudantis (CAE) do campus.<\/p>\n","protected":false},"excerpt":{"rendered":"<p>As inscri\u00e7\u00f5es ser\u00e3o entre os dias 16 a 23 de maio de 2025, por meio do SUAP ou na Coordena\u00e7\u00e3o de Assuntos Estudantis O\u00a0campus\u00a0Valen\u00e7a do Instituto Federal de Educa\u00e7\u00e3o, Ci\u00eancia e Tecnologia Baiano \u2013 IF Baiano lan\u00e7ou hoje, 10, o edital do Programa de Assist\u00eancia e Inclus\u00e3o Social do Estudante \u2013 PAISE. As inscri\u00e7\u00f5es ser\u00e3o [&hellip;]<\/p>\n","protected":false},"author":171,"featured_media":0,"comment_status":"open","ping_status":"open","sticky":false,"template":"","format":"standard","meta":[],"categories":[63],"tags":[],"_links":{"self":[{"href":"https:\/\/www.ifbaiano.edu.br\/unidades\/valenca\/wp-json\/wp\/v2\/posts\/10129"}],"collection":[{"href":"https:\/\/www.ifbaiano.edu.br\/unidades\/valenca\/wp-json\/wp\/v2\/posts"}],"about":[{"href":"https:\/\/www.ifbaiano.edu.br\/unidades\/valenca\/wp-json\/wp\/v2\/types\/post"}],"author":[{"embeddable":true,"href":"https:\/\/www.ifbaiano.edu.br\/unidades\/valenca\/wp-json\/wp\/v2\/users\/171"}],"replies":[{"embeddable":true,"href":"https:\/\/www.ifbaiano.edu.br\/unidades\/valenca\/wp-json\/wp\/v2\/comments?post=10129"}],"version-history":[{"count":1,"href":"https:\/\/www.ifbaiano.edu.br\/unidades\/valenca\/wp-json\/wp\/v2\/posts\/10129\/revisions"}],"predecessor-version":[{"id":10131,"href":"https:\/\/www.ifbaiano.edu.br\/unidades\/valenca\/wp-json\/wp\/v2\/posts\/10129\/revisions\/10131"}],"wp:attachment":[{"href":"https:\/\/www.ifbaiano.edu.br\/unidades\/valenca\/wp-json\/wp\/v2\/media?parent=10129"}],"wp:term":[{"taxonomy":"category","embeddable":true,"href":"https:\/\/www.ifbaiano.edu.br\/unidades\/valenca\/wp-json\/wp\/v2\/categories?post=10129"},{"taxonomy":"post_tag","embeddable":true,"href":"https:\/\/www.ifbaiano.edu.br\/unidades\/valenca\/wp-json\/wp\/v2\/tags?post=10129"}],"curies":[{"name":"wp","href":"https:\/\/api.w.org\/{rel}","templated":true}]}}