{"id":1013,"date":"2011-11-16T18:06:20","date_gmt":"2011-11-16T18:06:20","guid":{"rendered":"http:\/\/www.ifbaiano.edu.br\/unidades\/valenca\/?p=1013"},"modified":"2011-11-16T18:30:52","modified_gmt":"2011-11-16T18:30:52","slug":"campus-valenca-participara-da-expointer-guarana-2011","status":"publish","type":"post","link":"https:\/\/www.ifbaiano.edu.br\/unidades\/valenca\/2011\/11\/16\/campus-valenca-participara-da-expointer-guarana-2011\/","title":{"rendered":"Campus Valen\u00e7a participar\u00e1 da EXPOINTER GUARAN\u00c1 2011"},"content":{"rendered":"<p>O Campus Valen\u00e7a estar\u00e1 participando da II Feira da Agricultura e Aquicultura Familiar do Territ\u00f3rio do Baixo Sul da Bahia &#8211; EXPOINTER GUARAN\u00c1 2011, no Munic\u00edpio de Tapero\u00e1, nos dias 18, 19 e 20 de novembro de 2011.<\/p>\n<p>Professores e alunos formandos do Curso T\u00e9cnico em Agropecu\u00e1ria participar\u00e3o em atividades no stand do Instituto com exposi\u00e7\u00e3o de mudas do projeto Dend\u00ea do convenio CEPLAC \/ ASSOCIA\u00c7\u00d5ES DE PRODUTORES FAMILIARES REGIONAL, divulga\u00e7\u00e3o de a\u00e7\u00f5es do campus e cadastramento de alunos para o processo seletivo do ano de 2012 do IF BAIANO.<\/p>\n<p>O Campus Valen\u00e7a disp\u00f5e de uma cadeira representativa na C\u00e2mara T\u00e9cnica do Guaran\u00e1 da Secretaria da Agricultura do Estado no momento representada por Antonio Jorge Silva de Menezes e Reinaldo Silva Varj\u00e3o.<\/p>\n<p>Confira\u00a0\u00a0programa\u00e7\u00e3o:<a href=\"http:\/\/www.ifbaiano.edu.br\/unidades\/valenca\/files\/2011\/11\/CONVITE-E-PROGRAMA\u00c7\u00c3O-EXPOINTER.jpg\"><img decoding=\"async\" loading=\"lazy\" class=\"size-medium wp-image-1019 aligncenter\" src=\"http:\/\/www.ifbaiano.edu.br\/unidades\/valenca\/files\/2011\/11\/CONVITE-E-PROGRAMA\u00c7\u00c3O-EXPOINTER-206x300.jpg\" alt=\"\" width=\"206\" height=\"300\" \/><\/a><\/p>\n","protected":false},"excerpt":{"rendered":"<p>O Campus Valen\u00e7a estar\u00e1 participando da II Feira da Agricultura e Aquicultura Familiar do Territ\u00f3rio do Baixo Sul da Bahia &#8211; EXPOINTER GUARAN\u00c1 2011, no Munic\u00edpio de Tapero\u00e1, nos dias 18, 19 e 20 de novembro de 2011. Professores e alunos formandos do Curso T\u00e9cnico em Agropecu\u00e1ria participar\u00e3o em atividades no stand do Instituto com [&hellip;]<\/p>\n","protected":false},"author":6,"featured_media":0,"comment_status":"open","ping_status":"open","sticky":false,"template":"","format":"standard","meta":[],"categories":[5,34],"tags":[],"_links":{"self":[{"href":"https:\/\/www.ifbaiano.edu.br\/unidades\/valenca\/wp-json\/wp\/v2\/posts\/1013"}],"collection":[{"href":"https:\/\/www.ifbaiano.edu.br\/unidades\/valenca\/wp-json\/wp\/v2\/posts"}],"about":[{"href":"https:\/\/www.ifbaiano.edu.br\/unidades\/valenca\/wp-json\/wp\/v2\/types\/post"}],"author":[{"embeddable":true,"href":"https:\/\/www.ifbaiano.edu.br\/unidades\/valenca\/wp-json\/wp\/v2\/users\/6"}],"replies":[{"embeddable":true,"href":"https:\/\/www.ifbaiano.edu.br\/unidades\/valenca\/wp-json\/wp\/v2\/comments?post=1013"}],"version-history":[{"count":3,"href":"https:\/\/www.ifbaiano.edu.br\/unidades\/valenca\/wp-json\/wp\/v2\/posts\/1013\/revisions"}],"predecessor-version":[{"id":1020,"href":"https:\/\/www.ifbaiano.edu.br\/unidades\/valenca\/wp-json\/wp\/v2\/posts\/1013\/revisions\/1020"}],"wp:attachment":[{"href":"https:\/\/www.ifbaiano.edu.br\/unidades\/valenca\/wp-json\/wp\/v2\/media?parent=1013"}],"wp:term":[{"taxonomy":"category","embeddable":true,"href":"https:\/\/www.ifbaiano.edu.br\/unidades\/valenca\/wp-json\/wp\/v2\/categories?post=1013"},{"taxonomy":"post_tag","embeddable":true,"href":"https:\/\/www.ifbaiano.edu.br\/unidades\/valenca\/wp-json\/wp\/v2\/tags?post=1013"}],"curies":[{"name":"wp","href":"https:\/\/api.w.org\/{rel}","templated":true}]}}