{"id":10136,"date":"2025-08-12T15:58:46","date_gmt":"2025-08-12T18:58:46","guid":{"rendered":"https:\/\/www.ifbaiano.edu.br\/unidades\/valenca\/?p=10136"},"modified":"2025-08-12T15:58:47","modified_gmt":"2025-08-12T18:58:47","slug":"edital-no-12-de-10-de-julho-de-2025-programa-de-incentivo-a-cultura-esporte-e-lazer-pincel","status":"publish","type":"post","link":"https:\/\/www.ifbaiano.edu.br\/unidades\/valenca\/2025\/08\/12\/edital-no-12-de-10-de-julho-de-2025-programa-de-incentivo-a-cultura-esporte-e-lazer-pincel\/","title":{"rendered":"Edital n\u00ba 12, de 10 de julho de 2025 PROGRAMA DE INCENTIVO \u00c0 CULTURA, ESPORTE E LAZER \u2013 PINCEL"},"content":{"rendered":"\n<p>PROGRAMA DE INCENTIVO \u00c0 CULTURA, ESPORTE E LAZER \u2013 PINCEL<br>O Diretor-Geral do Instituto Federal de Educa\u00e7\u00e3o, Ci\u00eancia e Tecnologia Baiano, Campus Valen\u00e7a, nomeado sob Portaria N\u00ba 286,<br>de 18\/03\/2022, no D.O.U. de 21\/03\/2022, e de acordo com as disposi\u00e7\u00f5es condas na Lei n\u00ba 11.892, de 29\/12\/2008, e na Lei n\u00ba<br>8.112, de 11\/12\/1990, considerando ainda a Lei n\u00b0 14.914, de 03 de julho de 2024 e a Resolu\u00e7\u00e3o n\u00ba 01, de 29 de janeiro de 2019,<br>que instui a Pol\u00edca de Assist\u00eancia Estudanl no \u00e2mbito do IF Baiano, torna p\u00fablico o presente Edital de Fluxo Con2nuo que<br>estabelece as normas e crit\u00e9rios para sele\u00e7\u00e3o priorit\u00e1ria de estudantes em vulnerabilidade socioecon\u00f4mica, de cursos<br>presenciais e a dist\u00e2ncia, com a finalidade de parcipa\u00e7\u00e3o na Pol\u00edca de Assist\u00eancia Estudanl deste Instuto, por meio do<br>Programa de Incenvo \u00e0 Cultura, Esporte e Lazer (PINCEL).<\/p>\n\n\n\n<div class=\"wp-block-file\"><a id=\"wp-block-file--media-6f07a487-1f0f-4b27-8149-2b887bb576c8\" href=\"https:\/\/www.ifbaiano.edu.br\/unidades\/valenca\/files\/2025\/08\/edital-pincel-2025.pdf\">edital-pincel-2025<\/a><\/div>\n","protected":false},"excerpt":{"rendered":"<p>PROGRAMA DE INCENTIVO \u00c0 CULTURA, ESPORTE E LAZER \u2013 PINCELO Diretor-Geral do Instituto Federal de Educa\u00e7\u00e3o, Ci\u00eancia e Tecnologia Baiano, Campus Valen\u00e7a, nomeado sob Portaria N\u00ba 286,de 18\/03\/2022, no D.O.U. de 21\/03\/2022, e de acordo com as disposi\u00e7\u00f5es condas na Lei n\u00ba 11.892, de 29\/12\/2008, e na Lei n\u00ba8.112, de 11\/12\/1990, considerando ainda a Lei [&hellip;]<\/p>\n","protected":false},"author":171,"featured_media":0,"comment_status":"open","ping_status":"open","sticky":false,"template":"","format":"standard","meta":[],"categories":[63],"tags":[],"_links":{"self":[{"href":"https:\/\/www.ifbaiano.edu.br\/unidades\/valenca\/wp-json\/wp\/v2\/posts\/10136"}],"collection":[{"href":"https:\/\/www.ifbaiano.edu.br\/unidades\/valenca\/wp-json\/wp\/v2\/posts"}],"about":[{"href":"https:\/\/www.ifbaiano.edu.br\/unidades\/valenca\/wp-json\/wp\/v2\/types\/post"}],"author":[{"embeddable":true,"href":"https:\/\/www.ifbaiano.edu.br\/unidades\/valenca\/wp-json\/wp\/v2\/users\/171"}],"replies":[{"embeddable":true,"href":"https:\/\/www.ifbaiano.edu.br\/unidades\/valenca\/wp-json\/wp\/v2\/comments?post=10136"}],"version-history":[{"count":1,"href":"https:\/\/www.ifbaiano.edu.br\/unidades\/valenca\/wp-json\/wp\/v2\/posts\/10136\/revisions"}],"predecessor-version":[{"id":10138,"href":"https:\/\/www.ifbaiano.edu.br\/unidades\/valenca\/wp-json\/wp\/v2\/posts\/10136\/revisions\/10138"}],"wp:attachment":[{"href":"https:\/\/www.ifbaiano.edu.br\/unidades\/valenca\/wp-json\/wp\/v2\/media?parent=10136"}],"wp:term":[{"taxonomy":"category","embeddable":true,"href":"https:\/\/www.ifbaiano.edu.br\/unidades\/valenca\/wp-json\/wp\/v2\/categories?post=10136"},{"taxonomy":"post_tag","embeddable":true,"href":"https:\/\/www.ifbaiano.edu.br\/unidades\/valenca\/wp-json\/wp\/v2\/tags?post=10136"}],"curies":[{"name":"wp","href":"https:\/\/api.w.org\/{rel}","templated":true}]}}