{"id":10139,"date":"2025-08-12T16:03:35","date_gmt":"2025-08-12T19:03:35","guid":{"rendered":"https:\/\/www.ifbaiano.edu.br\/unidades\/valenca\/?p=10139"},"modified":"2025-08-12T16:03:36","modified_gmt":"2025-08-12T19:03:36","slug":"edital-no-11-de-10-de-julho-de-2025-programa-de-incentivo-a-participacao-politico-academica-propac","status":"publish","type":"post","link":"https:\/\/www.ifbaiano.edu.br\/unidades\/valenca\/2025\/08\/12\/edital-no-11-de-10-de-julho-de-2025-programa-de-incentivo-a-participacao-politico-academica-propac\/","title":{"rendered":"Edital n\u00ba 11, de 10 de julho de 2025 PROGRAMA DE INCENTIVO \u00c0 PARTICIPA\u00c7\u00c3O POL\u00cdTICO ACAD\u00caMICA \u2013 PROPAC"},"content":{"rendered":"\n<p>O Diretor-Geral do Instuto Federal de Educa\u00e7\u00e3o, Ci\u00eancia e Tecnologia Baiano, Campus Valen\u00e7a, nomeado sob Portaria N\u00ba 286, de 18\/03\/2022, no D.O.U. de 21\/03\/2022, e de acordo com as disposi\u00e7\u00f5es condas na Lei n\u00ba 11.892, de 29\/12\/2008, e na Lei n\u00ba 8.112, de 11\/12\/1990, considerando ainda a Lei n\u00b0 14.914, de 03 de julho de 2024, que cria a Pol\u00edca Nacional de Assist\u00eancia Estudanl e a Resolu\u00e7\u00e3o n\u00ba 01, de 29 de janeiro de 2019, que instui a Pol\u00edca de Assist\u00eancia Estudanl no \u00e2mbito do IF Baiano, torna p\u00fablico o presente Edital de Fluxo Cont\u00ednuo que estabelece as normas e crit\u00e9rios para sele\u00e7\u00e3o priorit\u00e1ria de estudantes em vulnerabilidade socioecon\u00f4mica, de cursos presenciais e a dist\u00e2ncia, de gradua\u00e7\u00e3o e da educa\u00e7\u00e3o profissional t\u00e9cnica de n\u00edvel m\u00e9dio, com a finalidade de parcipa\u00e7\u00e3o na Pol\u00edca de Assist\u00eancia Estudanl deste Instuto, por meio do Programa de Incenvo \u00e0 Parcipa\u00e7\u00e3o Pol\u00edco Acad\u00eamica. <\/p>\n\n\n\n<div class=\"wp-block-file\"><object class=\"wp-block-file__embed\" data=\"https:\/\/www.ifbaiano.edu.br\/unidades\/valenca\/files\/2025\/08\/EDITAL-PROPAC-2025.pdf\" type=\"application\/pdf\" style=\"width:100%;height:600px\" aria-label=\"Incorporado de EDITAL-PROPAC-2025.\"><\/object><a id=\"wp-block-file--media-b3f60011-1fab-429e-a800-3208c286588b\" href=\"https:\/\/www.ifbaiano.edu.br\/unidades\/valenca\/files\/2025\/08\/EDITAL-PROPAC-2025.pdf\">EDITAL-PROPAC-2025<\/a><a href=\"https:\/\/www.ifbaiano.edu.br\/unidades\/valenca\/files\/2025\/08\/EDITAL-PROPAC-2025.pdf\" class=\"wp-block-file__button wp-element-button\" download aria-describedby=\"wp-block-file--media-b3f60011-1fab-429e-a800-3208c286588b\">Baixar<\/a><\/div>\n","protected":false},"excerpt":{"rendered":"<p>O Diretor-Geral do Instuto Federal de Educa\u00e7\u00e3o, Ci\u00eancia e Tecnologia Baiano, Campus Valen\u00e7a, nomeado sob Portaria N\u00ba 286, de 18\/03\/2022, no D.O.U. de 21\/03\/2022, e de acordo com as disposi\u00e7\u00f5es condas na Lei n\u00ba 11.892, de 29\/12\/2008, e na Lei n\u00ba 8.112, de 11\/12\/1990, considerando ainda a Lei n\u00b0 14.914, de 03 de julho de [&hellip;]<\/p>\n","protected":false},"author":171,"featured_media":0,"comment_status":"open","ping_status":"open","sticky":false,"template":"","format":"standard","meta":[],"categories":[5,35],"tags":[],"_links":{"self":[{"href":"https:\/\/www.ifbaiano.edu.br\/unidades\/valenca\/wp-json\/wp\/v2\/posts\/10139"}],"collection":[{"href":"https:\/\/www.ifbaiano.edu.br\/unidades\/valenca\/wp-json\/wp\/v2\/posts"}],"about":[{"href":"https:\/\/www.ifbaiano.edu.br\/unidades\/valenca\/wp-json\/wp\/v2\/types\/post"}],"author":[{"embeddable":true,"href":"https:\/\/www.ifbaiano.edu.br\/unidades\/valenca\/wp-json\/wp\/v2\/users\/171"}],"replies":[{"embeddable":true,"href":"https:\/\/www.ifbaiano.edu.br\/unidades\/valenca\/wp-json\/wp\/v2\/comments?post=10139"}],"version-history":[{"count":1,"href":"https:\/\/www.ifbaiano.edu.br\/unidades\/valenca\/wp-json\/wp\/v2\/posts\/10139\/revisions"}],"predecessor-version":[{"id":10141,"href":"https:\/\/www.ifbaiano.edu.br\/unidades\/valenca\/wp-json\/wp\/v2\/posts\/10139\/revisions\/10141"}],"wp:attachment":[{"href":"https:\/\/www.ifbaiano.edu.br\/unidades\/valenca\/wp-json\/wp\/v2\/media?parent=10139"}],"wp:term":[{"taxonomy":"category","embeddable":true,"href":"https:\/\/www.ifbaiano.edu.br\/unidades\/valenca\/wp-json\/wp\/v2\/categories?post=10139"},{"taxonomy":"post_tag","embeddable":true,"href":"https:\/\/www.ifbaiano.edu.br\/unidades\/valenca\/wp-json\/wp\/v2\/tags?post=10139"}],"curies":[{"name":"wp","href":"https:\/\/api.w.org\/{rel}","templated":true}]}}