{"id":10142,"date":"2025-08-25T14:05:40","date_gmt":"2025-08-25T17:05:40","guid":{"rendered":"https:\/\/www.ifbaiano.edu.br\/unidades\/valenca\/?p=10142"},"modified":"2025-08-25T14:05:40","modified_gmt":"2025-08-25T17:05:40","slug":"edital-de-renovacao-de-matricula-curso-tecnico-subsequente-ead-em-informatica-e-em-secretaria-escolar","status":"publish","type":"post","link":"https:\/\/www.ifbaiano.edu.br\/unidades\/valenca\/2025\/08\/25\/edital-de-renovacao-de-matricula-curso-tecnico-subsequente-ead-em-informatica-e-em-secretaria-escolar\/","title":{"rendered":"Edital de renova\u00e7\u00e3o de matr\u00edcula &#8211; curso T\u00e9cnico Subsequente EAD em Inform\u00e1tica e em Secretaria Escolar"},"content":{"rendered":"\n<p>RENOVA\u00c7\u00c3O DE MATR\u00cdCULA \u2013 CURSO T\u00c9CNICO SUBSEQUENTE EAD &#8211; T\u00c9CNICO EM INFORM\u00c1TICA E<br>T\u00c9CNICO EM SECRETARIA ESCOLAR<br>O Diretor-Geral do Instituto Federal de Educa\u00e7\u00e3o, Ci\u00eancia e Tecnologia Baiano, Campus Valen\u00e7a, nomeado sob<br>Portaria N\u00ba 286, de 18\/03\/2022, no D.O.U. de 21\/03\/2022, de acordo com as disposi\u00e7\u00f5es da legisla\u00e7\u00e3o em<br>vigor, FAZ SABER, atrav\u00e9s deste Edital, as condi\u00e7\u00f5es para Renova\u00e7\u00e3o de Matr\u00edcula para o per\u00edodo letivo<br>2025.1 para os (as) discentes dos cursos T\u00e9cnicos subsequente na modalidade EAD do Campus de<br>Valen\u00e7a, seguindo as informa\u00e7\u00f5es abaixo e em conson\u00e2ncia com o que rege a Organiza\u00e7\u00e3o Did\u00e1tica dos Cursos<br>da Educa\u00e7\u00e3o Profissional T\u00e9cnica de N\u00edvel M\u00e9dio do IF Baiano vigente<\/p>\n\n\n\n<div class=\"wp-block-file\"><a id=\"wp-block-file--media-38b6baf2-9948-4952-893a-050ccfd07915\" href=\"https:\/\/www.ifbaiano.edu.br\/unidades\/valenca\/files\/2025\/08\/RENOVACAO-DE-MATRICULA-\u2013-CURSO-TECNICO-SUBSEQUENTE-EAD-TECNICO-EM-INFORMATICA-E-TECNICO-EM-SECRETARIA-ESCOLAR.pdf\">RENOVACAO-DE-MATRICULA-\u2013-CURSO-TECNICO-SUBSEQUENTE-EAD-TECNICO-EM-INFORMATICA-E-TECNICO-EM-SECRETARIA-ESCOLAR<\/a><\/div>\n","protected":false},"excerpt":{"rendered":"<p>RENOVA\u00c7\u00c3O DE MATR\u00cdCULA \u2013 CURSO T\u00c9CNICO SUBSEQUENTE EAD &#8211; T\u00c9CNICO EM INFORM\u00c1TICA ET\u00c9CNICO EM SECRETARIA ESCOLARO Diretor-Geral do Instituto Federal de Educa\u00e7\u00e3o, Ci\u00eancia e Tecnologia Baiano, Campus Valen\u00e7a, nomeado sobPortaria N\u00ba 286, de 18\/03\/2022, no D.O.U. de 21\/03\/2022, de acordo com as disposi\u00e7\u00f5es da legisla\u00e7\u00e3o emvigor, FAZ SABER, atrav\u00e9s deste Edital, as condi\u00e7\u00f5es para Renova\u00e7\u00e3o [&hellip;]<\/p>\n","protected":false},"author":171,"featured_media":0,"comment_status":"open","ping_status":"open","sticky":false,"template":"","format":"standard","meta":[],"categories":[5],"tags":[],"_links":{"self":[{"href":"https:\/\/www.ifbaiano.edu.br\/unidades\/valenca\/wp-json\/wp\/v2\/posts\/10142"}],"collection":[{"href":"https:\/\/www.ifbaiano.edu.br\/unidades\/valenca\/wp-json\/wp\/v2\/posts"}],"about":[{"href":"https:\/\/www.ifbaiano.edu.br\/unidades\/valenca\/wp-json\/wp\/v2\/types\/post"}],"author":[{"embeddable":true,"href":"https:\/\/www.ifbaiano.edu.br\/unidades\/valenca\/wp-json\/wp\/v2\/users\/171"}],"replies":[{"embeddable":true,"href":"https:\/\/www.ifbaiano.edu.br\/unidades\/valenca\/wp-json\/wp\/v2\/comments?post=10142"}],"version-history":[{"count":1,"href":"https:\/\/www.ifbaiano.edu.br\/unidades\/valenca\/wp-json\/wp\/v2\/posts\/10142\/revisions"}],"predecessor-version":[{"id":10144,"href":"https:\/\/www.ifbaiano.edu.br\/unidades\/valenca\/wp-json\/wp\/v2\/posts\/10142\/revisions\/10144"}],"wp:attachment":[{"href":"https:\/\/www.ifbaiano.edu.br\/unidades\/valenca\/wp-json\/wp\/v2\/media?parent=10142"}],"wp:term":[{"taxonomy":"category","embeddable":true,"href":"https:\/\/www.ifbaiano.edu.br\/unidades\/valenca\/wp-json\/wp\/v2\/categories?post=10142"},{"taxonomy":"post_tag","embeddable":true,"href":"https:\/\/www.ifbaiano.edu.br\/unidades\/valenca\/wp-json\/wp\/v2\/tags?post=10142"}],"curies":[{"name":"wp","href":"https:\/\/api.w.org\/{rel}","templated":true}]}}