{"id":1015,"date":"2011-11-16T18:15:09","date_gmt":"2011-11-16T18:15:09","guid":{"rendered":"http:\/\/www.ifbaiano.edu.br\/unidades\/valenca\/?p=1015"},"modified":"2011-11-16T18:15:09","modified_gmt":"2011-11-16T18:15:09","slug":"campus-valenca-aplica-prova-brasil-2011","status":"publish","type":"post","link":"https:\/\/www.ifbaiano.edu.br\/unidades\/valenca\/2011\/11\/16\/campus-valenca-aplica-prova-brasil-2011\/","title":{"rendered":"Campus Valen\u00e7a aplica Prova Brasil 2011"},"content":{"rendered":"<p>O Campus Valen\u00e7a foi selecionado para participar da Prova Brasil 2011 que acontecer\u00e1 no pr\u00f3ximo dia 17\/11 (quinta-feira), das 7h30min \u00e0s 10h10min, para os alunos do 3\u00ba ano do Ensino M\u00e9dio. Cada prova \u00e9 constru\u00edda por quatro blocos, sendo dois de L\u00edngua Portuguesa e dois de Matem\u00e1tica, sendo cada componente composto por 26 quest\u00f5es.<\/p>\n<p>Ap\u00f3s a realiza\u00e7\u00e3o das provas ser\u00e3o aplicados tamb\u00e9m os question\u00e1rios socioecon\u00f4micos aos estudantes, professores e gestores; e o question\u00e1rio da escola, com quest\u00f5es sobre infraestrutura, acessibilidade, recursos pedag\u00f3gicos e recursos humanos.<\/p>\n<p>Desenvolvido pelo Instituto Nacional de Estudos e Pesquisas Educacionais An\u00edsio Teixeira (Inep\/MEC), Prova Brasil tem o objetivo de avaliar a qualidade do ensino, oferecido pelo sistema educacional brasileiro a partir de testes padronizados e question\u00e1rios socioecon\u00f4micos.<\/p>\n","protected":false},"excerpt":{"rendered":"<p>O Campus Valen\u00e7a foi selecionado para participar da Prova Brasil 2011 que acontecer\u00e1 no pr\u00f3ximo dia 17\/11 (quinta-feira), das 7h30min \u00e0s 10h10min, para os alunos do 3\u00ba ano do Ensino M\u00e9dio. Cada prova \u00e9 constru\u00edda por quatro blocos, sendo dois de L\u00edngua Portuguesa e dois de Matem\u00e1tica, sendo cada componente composto por 26 quest\u00f5es. Ap\u00f3s [&hellip;]<\/p>\n","protected":false},"author":6,"featured_media":0,"comment_status":"open","ping_status":"open","sticky":false,"template":"","format":"standard","meta":[],"categories":[4,10],"tags":[],"_links":{"self":[{"href":"https:\/\/www.ifbaiano.edu.br\/unidades\/valenca\/wp-json\/wp\/v2\/posts\/1015"}],"collection":[{"href":"https:\/\/www.ifbaiano.edu.br\/unidades\/valenca\/wp-json\/wp\/v2\/posts"}],"about":[{"href":"https:\/\/www.ifbaiano.edu.br\/unidades\/valenca\/wp-json\/wp\/v2\/types\/post"}],"author":[{"embeddable":true,"href":"https:\/\/www.ifbaiano.edu.br\/unidades\/valenca\/wp-json\/wp\/v2\/users\/6"}],"replies":[{"embeddable":true,"href":"https:\/\/www.ifbaiano.edu.br\/unidades\/valenca\/wp-json\/wp\/v2\/comments?post=1015"}],"version-history":[{"count":2,"href":"https:\/\/www.ifbaiano.edu.br\/unidades\/valenca\/wp-json\/wp\/v2\/posts\/1015\/revisions"}],"predecessor-version":[{"id":1017,"href":"https:\/\/www.ifbaiano.edu.br\/unidades\/valenca\/wp-json\/wp\/v2\/posts\/1015\/revisions\/1017"}],"wp:attachment":[{"href":"https:\/\/www.ifbaiano.edu.br\/unidades\/valenca\/wp-json\/wp\/v2\/media?parent=1015"}],"wp:term":[{"taxonomy":"category","embeddable":true,"href":"https:\/\/www.ifbaiano.edu.br\/unidades\/valenca\/wp-json\/wp\/v2\/categories?post=1015"},{"taxonomy":"post_tag","embeddable":true,"href":"https:\/\/www.ifbaiano.edu.br\/unidades\/valenca\/wp-json\/wp\/v2\/tags?post=1015"}],"curies":[{"name":"wp","href":"https:\/\/api.w.org\/{rel}","templated":true}]}}