{"id":1038,"date":"2011-11-18T15:52:19","date_gmt":"2011-11-18T15:52:19","guid":{"rendered":"http:\/\/www.ifbaiano.edu.br\/unidades\/valenca\/?p=1038"},"modified":"2011-11-18T15:53:27","modified_gmt":"2011-11-18T15:53:27","slug":"prorrogado-prazo-para-submissao-do-projeto-de-pesquisa-no-programa-de-estimulo-a-pesquisa-do-if-baiano","status":"publish","type":"post","link":"https:\/\/www.ifbaiano.edu.br\/unidades\/valenca\/2011\/11\/18\/prorrogado-prazo-para-submissao-do-projeto-de-pesquisa-no-programa-de-estimulo-a-pesquisa-do-if-baiano\/","title":{"rendered":"Prorrogado prazo para submiss\u00e3o do projeto de pesquisa no Programa de Est\u00edmulo a Pesquisa do IF Baiano"},"content":{"rendered":"<p>A\u00a0PROPES informa a prorroga\u00e7\u00e3o do prazo para submiss\u00e3o do projeto de pesquisa, referente ao edital 02\/2011 &#8211; Programa de Est\u00edmulo a Pesquisa do IF Baiano. O novo prazo para a submiss\u00e3o de propostas, encerrar-se-\u00e0 \u00e0s 23:59 h do dia 20 de novembro de 2011.<\/p>\n","protected":false},"excerpt":{"rendered":"<p>A\u00a0PROPES informa a prorroga\u00e7\u00e3o do prazo para submiss\u00e3o do projeto de pesquisa, referente ao edital 02\/2011 &#8211; Programa de Est\u00edmulo a Pesquisa do IF Baiano. O novo prazo para a submiss\u00e3o de propostas, encerrar-se-\u00e0 \u00e0s 23:59 h do dia 20 de novembro de 2011.<\/p>\n","protected":false},"author":6,"featured_media":0,"comment_status":"open","ping_status":"open","sticky":false,"template":"","format":"standard","meta":[],"categories":[35,10],"tags":[],"_links":{"self":[{"href":"https:\/\/www.ifbaiano.edu.br\/unidades\/valenca\/wp-json\/wp\/v2\/posts\/1038"}],"collection":[{"href":"https:\/\/www.ifbaiano.edu.br\/unidades\/valenca\/wp-json\/wp\/v2\/posts"}],"about":[{"href":"https:\/\/www.ifbaiano.edu.br\/unidades\/valenca\/wp-json\/wp\/v2\/types\/post"}],"author":[{"embeddable":true,"href":"https:\/\/www.ifbaiano.edu.br\/unidades\/valenca\/wp-json\/wp\/v2\/users\/6"}],"replies":[{"embeddable":true,"href":"https:\/\/www.ifbaiano.edu.br\/unidades\/valenca\/wp-json\/wp\/v2\/comments?post=1038"}],"version-history":[{"count":3,"href":"https:\/\/www.ifbaiano.edu.br\/unidades\/valenca\/wp-json\/wp\/v2\/posts\/1038\/revisions"}],"predecessor-version":[{"id":1041,"href":"https:\/\/www.ifbaiano.edu.br\/unidades\/valenca\/wp-json\/wp\/v2\/posts\/1038\/revisions\/1041"}],"wp:attachment":[{"href":"https:\/\/www.ifbaiano.edu.br\/unidades\/valenca\/wp-json\/wp\/v2\/media?parent=1038"}],"wp:term":[{"taxonomy":"category","embeddable":true,"href":"https:\/\/www.ifbaiano.edu.br\/unidades\/valenca\/wp-json\/wp\/v2\/categories?post=1038"},{"taxonomy":"post_tag","embeddable":true,"href":"https:\/\/www.ifbaiano.edu.br\/unidades\/valenca\/wp-json\/wp\/v2\/tags?post=1038"}],"curies":[{"name":"wp","href":"https:\/\/api.w.org\/{rel}","templated":true}]}}