{"id":1053,"date":"2011-11-21T18:55:19","date_gmt":"2011-11-21T18:55:19","guid":{"rendered":"http:\/\/www.ifbaiano.edu.br\/unidades\/valenca\/?p=1053"},"modified":"2011-11-21T18:55:19","modified_gmt":"2011-11-21T18:55:19","slug":"debate-sobre-indicadores-educacionais-no-ambito-do-if-baiano-dias-22-a-2511","status":"publish","type":"post","link":"https:\/\/www.ifbaiano.edu.br\/unidades\/valenca\/2011\/11\/21\/debate-sobre-indicadores-educacionais-no-ambito-do-if-baiano-dias-22-a-2511\/","title":{"rendered":"Debate sobre Indicadores Educacionais no \u00e2mbito do IF Baiano dias 22 a 25\/11"},"content":{"rendered":"<p>\u00a0O Senhor Diretor Geral do Campus Bom Jesus da Lapa, conclamando as comunidades dos Campi a participarem do debate sobre INDICADORES EDUCACIONAIS no \u00e2mbito do IF Baiano. As discuss\u00f5es ser\u00e3o lideradas pelos Diretores Gerais e acontecer\u00e3o no per\u00edodo de 22 a 25 de Novembro de 2011.<\/p>\n<p>O Debate tem como prop\u00f3sito subsidiar os trabalhos que est\u00e3o sendo conduzidos pelo CONIF \u2013 Conselho Nacional das Institui\u00e7\u00f5es da Rede Federal de Educa\u00e7\u00e3o Profissional, Cient\u00edfica e Tecnol\u00f3gica.<\/p>\n<p>Seguem os links para acesso do Of\u00edcio Circular 08\/2011 e CRONOGRAMA DE TRABALHO CONIF:<\/p>\n<p>1) Of\u00edcio Circular 08\/2011<\/p>\n<p><a href=\"http:\/\/www.ifbaiano.edu.br\/portal\/wp-content\/uploads\/2010\/02\/Of.-Circ.-08-2011.pdf\">http:\/\/www.ifbaiano.edu.br\/portal\/wp-content\/uploads\/2010\/02\/Of.-Circ.-08-2011.pdf<\/a><\/p>\n<p>2) CRONOGRAMA DE TRABALHO CONIF<\/p>\n<p>\u00a0<a href=\"http:\/\/www.ifbaiano.edu.br\/portal\/wp-content\/uploads\/2010\/02\/CRONOGRAMA-DE-TRABALHO-CONIF.pdf\">http:\/\/www.ifbaiano.edu.br\/portal\/wp-content\/uploads\/2010\/02\/CRONOGRAMA-DE-TRABALHO-CONIF.pdf<\/a><\/p>\n<p>&nbsp;<\/p>\n","protected":false},"excerpt":{"rendered":"<p>\u00a0O Senhor Diretor Geral do Campus Bom Jesus da Lapa, conclamando as comunidades dos Campi a participarem do debate sobre INDICADORES EDUCACIONAIS no \u00e2mbito do IF Baiano. As discuss\u00f5es ser\u00e3o lideradas pelos Diretores Gerais e acontecer\u00e3o no per\u00edodo de 22 a 25 de Novembro de 2011. O Debate tem como prop\u00f3sito subsidiar os trabalhos que [&hellip;]<\/p>\n","protected":false},"author":6,"featured_media":0,"comment_status":"open","ping_status":"open","sticky":false,"template":"","format":"standard","meta":[],"categories":[38],"tags":[],"_links":{"self":[{"href":"https:\/\/www.ifbaiano.edu.br\/unidades\/valenca\/wp-json\/wp\/v2\/posts\/1053"}],"collection":[{"href":"https:\/\/www.ifbaiano.edu.br\/unidades\/valenca\/wp-json\/wp\/v2\/posts"}],"about":[{"href":"https:\/\/www.ifbaiano.edu.br\/unidades\/valenca\/wp-json\/wp\/v2\/types\/post"}],"author":[{"embeddable":true,"href":"https:\/\/www.ifbaiano.edu.br\/unidades\/valenca\/wp-json\/wp\/v2\/users\/6"}],"replies":[{"embeddable":true,"href":"https:\/\/www.ifbaiano.edu.br\/unidades\/valenca\/wp-json\/wp\/v2\/comments?post=1053"}],"version-history":[{"count":2,"href":"https:\/\/www.ifbaiano.edu.br\/unidades\/valenca\/wp-json\/wp\/v2\/posts\/1053\/revisions"}],"predecessor-version":[{"id":1055,"href":"https:\/\/www.ifbaiano.edu.br\/unidades\/valenca\/wp-json\/wp\/v2\/posts\/1053\/revisions\/1055"}],"wp:attachment":[{"href":"https:\/\/www.ifbaiano.edu.br\/unidades\/valenca\/wp-json\/wp\/v2\/media?parent=1053"}],"wp:term":[{"taxonomy":"category","embeddable":true,"href":"https:\/\/www.ifbaiano.edu.br\/unidades\/valenca\/wp-json\/wp\/v2\/categories?post=1053"},{"taxonomy":"post_tag","embeddable":true,"href":"https:\/\/www.ifbaiano.edu.br\/unidades\/valenca\/wp-json\/wp\/v2\/tags?post=1053"}],"curies":[{"name":"wp","href":"https:\/\/api.w.org\/{rel}","templated":true}]}}