{"id":1060,"date":"2011-11-22T16:14:54","date_gmt":"2011-11-22T16:14:54","guid":{"rendered":"http:\/\/www.ifbaiano.edu.br\/unidades\/valenca\/?p=1060"},"modified":"2011-11-22T16:14:54","modified_gmt":"2011-11-22T16:14:54","slug":"lancado-edital-para-selecionar-representantes-do-conselho-superior-do-if-baiano-bienio-2012-2014-2","status":"publish","type":"post","link":"https:\/\/www.ifbaiano.edu.br\/unidades\/valenca\/2011\/11\/22\/lancado-edital-para-selecionar-representantes-do-conselho-superior-do-if-baiano-bienio-2012-2014-2\/","title":{"rendered":"Lan\u00e7ado edital para selecionar representantes do Conselho Superior do IF Baiano (bi\u00eanio 2012-2014)"},"content":{"rendered":"<div>\n<p><strong>Objetivo:<\/strong><\/p>\n<p>O presente Edital tem por objetivo estabelecer normas e procedimentos necess\u00e1rios \u00e0 realiza\u00e7\u00e3o da elei\u00e7\u00e3o dos membros representantes dos Docentes, dos T\u00e9cnicos Administrativos em Educa\u00e7\u00e3o (TAE), dos Discentes, Egressos e Diretores de Campi, para a composi\u00e7\u00e3o do Conselho Superior do IF Baiano, bi\u00eanio 2012 \u2013 2014, conforme preceitua o Art. 8\u00ba do Estatuto do IF Baiano.<\/p>\n<p><strong>CRONOGRAMA<\/strong><\/p>\n<p><strong> <\/strong>1. Publica\u00e7\u00e3o do Edital de Convoca\u00e7\u00e3o e Normas &#8211;\u00a004\/11\/2011<br \/>\n2. Designa\u00e7\u00e3o das Comiss\u00f5es Eleitorais Especiais e escolha das Comiss\u00f5es Eleitorais Locais \u2013 07\/11\/2011 a 11\/11\/2011<br \/>\n3. Designa\u00e7\u00e3o das Comiss\u00f5es Eleitorais Locais &#8211;\u00a016\/11\/2011<br \/>\n3. Inscri\u00e7\u00e3o dos Candidatos &#8211;\u00a018\/11 a 24\/11\/2011 at\u00e9 as 15:00h<br \/>\n4. Divulga\u00e7\u00e3o dos Inscritos &#8211;\u00a025\/11\/2011 at\u00e9 as 17:00h<br \/>\n5. Pedido de Impugna\u00e7\u00e3o dos Inscritos &#8211;\u00a028\/11\/2011 at\u00e9 as 15:00h<br \/>\n6. Homologa\u00e7\u00e3o das Candidaturas &#8211;\u00a029\/11\/2011 at\u00e9 as 17:00h<br \/>\n7. Campanha Eleitoral &#8211;\u00a030\/11 a 09\/12\/2011 at\u00e9 as 17:00h<br \/>\n8. Inscri\u00e7\u00e3o de Fiscais &#8211;\u00a012\/12\/2011 at\u00e9 as 15:00h<br \/>\n9. Elei\u00e7\u00e3o &#8211;\u00a013\/12\/2011<br \/>\n10. Apura\u00e7\u00e3o &#8211;\u00a013\/12\/2011 ap\u00f3s o encerramento da elei\u00e7\u00e3o<br \/>\n11. Divulga\u00e7\u00e3o do Resultado da Apura\u00e7\u00e3o &#8211;\u00a014\/12\/2011 at\u00e9 as 17:00h<br \/>\n12. Pedido de Impugna\u00e7\u00e3o da Apura\u00e7\u00e3o &#8211;\u00a015\/12\/2011 at\u00e9 as 15:00h<br \/>\n13. Homologa\u00e7\u00e3o dos resultados &#8211;\u00a016\/12\/2011 at\u00e9 as 17:00h<\/p>\n<p><strong>OS INSTRUMENTOS QUE NORTEAR\u00c3O O REFERIDO PROCESSO S\u00c3O: <\/strong><\/p>\n<p><strong><a href=\"..\/..\/..\/portal\/wp-content\/uploads\/2011\/11\/EDITAL-ELEIcaO-CONSELHO-SUPERIOR-IFBAIANO.2011.rtf.pdf\" rel=\"external\">EDITAL\u00a0<\/a><\/strong><\/p>\n<p><strong><a href=\"..\/..\/..\/portal\/wp-content\/uploads\/2011\/11\/Regulamento-Eleitoral-CONSUR.pdf\" rel=\"external\">REGULAMENTO DO PROCESSO DE ESCOLHA\u00a0<\/a><\/strong><\/p>\n<p><strong><a href=\"..\/..\/..\/portal\/wp-content\/uploads\/2011\/11\/REGIMENTO_INTERNO-CONSUR.pdf\" rel=\"external\">REGIMENTO INTERNO<\/a> <\/strong><strong><\/strong><\/p>\n<p><strong>Confira-os no linck:\u00a0 <a href=\"..\/..\/..\/portal\/?p=7340\">http:\/\/www.ifbaiano.edu.br\/portal\/?p=7340<\/a><br \/>\n<\/strong><\/p>\n<p style=\"text-align: right\">\n<p style=\"text-align: right\">Por: ASCOM IF Bainao<strong><br \/>\n<\/strong><\/p>\n<\/div>\n","protected":false},"excerpt":{"rendered":"<p>Objetivo: O presente Edital tem por objetivo estabelecer normas e procedimentos necess\u00e1rios \u00e0 realiza\u00e7\u00e3o da elei\u00e7\u00e3o dos membros representantes dos Docentes, dos T\u00e9cnicos Administrativos em Educa\u00e7\u00e3o (TAE), dos Discentes, Egressos e Diretores de Campi, para a composi\u00e7\u00e3o do Conselho Superior do IF Baiano, bi\u00eanio 2012 \u2013 2014, conforme preceitua o Art. 8\u00ba do Estatuto do [&hellip;]<\/p>\n","protected":false},"author":6,"featured_media":0,"comment_status":"open","ping_status":"open","sticky":false,"template":"","format":"standard","meta":[],"categories":[35],"tags":[],"_links":{"self":[{"href":"https:\/\/www.ifbaiano.edu.br\/unidades\/valenca\/wp-json\/wp\/v2\/posts\/1060"}],"collection":[{"href":"https:\/\/www.ifbaiano.edu.br\/unidades\/valenca\/wp-json\/wp\/v2\/posts"}],"about":[{"href":"https:\/\/www.ifbaiano.edu.br\/unidades\/valenca\/wp-json\/wp\/v2\/types\/post"}],"author":[{"embeddable":true,"href":"https:\/\/www.ifbaiano.edu.br\/unidades\/valenca\/wp-json\/wp\/v2\/users\/6"}],"replies":[{"embeddable":true,"href":"https:\/\/www.ifbaiano.edu.br\/unidades\/valenca\/wp-json\/wp\/v2\/comments?post=1060"}],"version-history":[{"count":2,"href":"https:\/\/www.ifbaiano.edu.br\/unidades\/valenca\/wp-json\/wp\/v2\/posts\/1060\/revisions"}],"predecessor-version":[{"id":1062,"href":"https:\/\/www.ifbaiano.edu.br\/unidades\/valenca\/wp-json\/wp\/v2\/posts\/1060\/revisions\/1062"}],"wp:attachment":[{"href":"https:\/\/www.ifbaiano.edu.br\/unidades\/valenca\/wp-json\/wp\/v2\/media?parent=1060"}],"wp:term":[{"taxonomy":"category","embeddable":true,"href":"https:\/\/www.ifbaiano.edu.br\/unidades\/valenca\/wp-json\/wp\/v2\/categories?post=1060"},{"taxonomy":"post_tag","embeddable":true,"href":"https:\/\/www.ifbaiano.edu.br\/unidades\/valenca\/wp-json\/wp\/v2\/tags?post=1060"}],"curies":[{"name":"wp","href":"https:\/\/api.w.org\/{rel}","templated":true}]}}