{"id":1063,"date":"2011-11-22T16:43:48","date_gmt":"2011-11-22T16:43:48","guid":{"rendered":"http:\/\/www.ifbaiano.edu.br\/unidades\/valenca\/?p=1063"},"modified":"2011-11-22T18:06:06","modified_gmt":"2011-11-22T18:06:06","slug":"campus-valenca-promove-excursao-em-area-demonstrativa-de-transicao-agroecologica-da-ameppru-para-representantes-rurais-de-municipios-baianos","status":"publish","type":"post","link":"https:\/\/www.ifbaiano.edu.br\/unidades\/valenca\/2011\/11\/22\/campus-valenca-promove-excursao-em-area-demonstrativa-de-transicao-agroecologica-da-ameppru-para-representantes-rurais-de-municipios-baianos\/","title":{"rendered":"Campus Valen\u00e7a promove Excurs\u00e3o em \u00c1rea Demonstrativa de Transi\u00e7\u00e3o Agroecol\u00f3gica da AMEPPRU para representantes rurais de Munic\u00edpios baianos"},"content":{"rendered":"<p class=\"western\" style=\"margin-bottom: 0cm;font-weight: normal\" align=\"JUSTIFY\"><span style=\"font-size: small\">Dia 23\/11, o campus Valen\u00e7a estar\u00e1 recepcionando agricultores, juventude rural e representantes de sindicatos dos Munic\u00edpios baianos de Ibirapitanga, Teol\u00e2ndia, Presidente Tancredo Neves e Valen\u00e7a para participarem de uma Excurs\u00e3o na \u00c1rea Demonstrativa de Transi\u00e7\u00e3o Agroecol\u00f3gica da AMEPRRU (Associa\u00e7\u00e3o de M\u00e9dios e Pequenos Produtores Rurais de Valen\u00e7a-Ba) \u2013 projeto conhecido como \u201cDia de Campo\u201d \u2013 desenvolvido na fazenda S\u00e3o Jo\u00e3o, na Comunidade do Gereba. <\/span><\/p>\n<p class=\"western\" style=\"margin-bottom: 0cm\" align=\"JUSTIFY\"><span style=\"font-size: small\"><span style=\"font-weight: normal\">A Excurs\u00e3o est\u00e1 organizada em dois momentos: no per\u00edodo da manh\u00e3 os participantes ser\u00e3o apresentados ao projeto e ter\u00e3o um bate-papo no Audit\u00f3rio do <\/span><\/span><span style=\"font-size: small\"><em><span style=\"font-weight: normal\">Campus, <\/span><\/em><\/span><span style=\"font-size: small\"><span style=\"font-style: normal\"><span style=\"font-weight: normal\">tendo como facilitador Dacilton Matos dos Santos \u2013 Agente de Atividades Agropecu\u00e1rias\/CEPLAC\/SUEBA\/IF Baiano. \u00c0<\/span><\/span><\/span><span style=\"font-size: small\"><span style=\"font-weight: normal\"> tarde, acontecer\u00e1 a visita a \u00c1rea Demonstrativa de Transi\u00e7\u00e3o Agroecol\u00f3gica. <\/span><\/span><\/p>\n<p class=\"western\" style=\"margin-bottom: 0cm;font-weight: normal\" align=\"JUSTIFY\"><span style=\"font-size: small\">A atividade \u00e9 uma parceria do IF Bainao, SEPLAC\/SUEBA, AGROUNI (Associa\u00e7\u00e3o dos Estudantes T\u00e9cnicos em Agropecu\u00e1ria), AMEPPRU, FASE (Federa\u00e7\u00e3o de \u00d3rg\u00e3os para Assist\u00eancia Social e Educacional \u2013 Projeto AMA (Agente Multiplicador de Ater\/ Munic\u00edpio Tancredo Neves-BA) e EBDA-Camamu.<\/span><\/p>\n<p class=\"western\" style=\"margin-bottom: 0cm;font-weight: normal\" align=\"JUSTIFY\"><span style=\"font-size: small\">ia 23\/11, o campus Valen\u00e7a estar\u00e1 recepcionando agricultores, juventude rural e representantes de sindicatos dos Munic\u00edpios baianos de Ibirapitanga, Teol\u00e2ndia, Presidente Tancredo Neves e Valen\u00e7a para participarem de uma Excurs\u00e3o na \u00c1rea Demonstrativa de Transi\u00e7\u00e3o Agroecol\u00f3gica da AMEPRRU (Associa\u00e7\u00e3o de M\u00e9dios e Pequenos Produtores Rurais de Valen\u00e7a-Ba) \u2013 projeto conhecido como \u201cDia de Campo\u201d \u2013 desenvolvido na fazenda S\u00e3o Jo\u00e3o, na Comunidade do Gereba. <\/span><\/p>\n<p class=\"western\" style=\"margin-bottom: 0cm;font-weight: normal\" align=\"JUSTIFY\">\n<p class=\"western\" style=\"margin-bottom: 0cm\" align=\"JUSTIFY\"><span style=\"font-size: small\"><span style=\"font-weight: normal\">A Excurs\u00e3o est\u00e1 organizada em dois momentos: no per\u00edodo da manh\u00e3 os participantes ser\u00e3o apresentados ao projeto e ter\u00e3o um bate-papo no Audit\u00f3rio do <\/span><\/span><span style=\"font-size: small\"><em><span style=\"font-weight: normal\">Campus, <\/span><\/em><\/span><span style=\"font-size: small\"><span style=\"font-style: normal\"><span style=\"font-weight: normal\">tendo como facilitador Dacilton Matos dos Santos \u2013 Agente de Atividades Agropecu\u00e1rias\/CEPLAC\/SUEBA\/IF Baiano. \u00c0<\/span><\/span><\/span><span style=\"font-size: small\"><span style=\"font-weight: normal\"> tarde, acontecer\u00e1 a visita a \u00c1rea Demonstrativa de Transi\u00e7\u00e3o Agroecol\u00f3gica. <\/span><\/span><\/p>\n<p class=\"western\" style=\"margin-bottom: 0cm;font-weight: normal\" align=\"JUSTIFY\">\n<p class=\"western\" style=\"margin-bottom: 0cm;font-weight: normal\" align=\"JUSTIFY\"><span style=\"font-size: small\">A atividade \u00e9 uma parceria do IF Bainao, SEPLAC\/SUEBA, AGROUNI (Associa\u00e7\u00e3o dos Estudantes T\u00e9cnicos em Agropecu\u00e1ria), AMEPPRU, FASE (Federa\u00e7\u00e3o de \u00d3rg\u00e3os para Assist\u00eancia Social e Educacional \u2013 Projeto AMA (Agente Multiplicador de Ater\/ Munic\u00edpio Tancredo Neves-BA) e EBDA-Camamu.<\/span><\/p>\n","protected":false},"excerpt":{"rendered":"<p>Dia 23\/11, o campus Valen\u00e7a estar\u00e1 recepcionando agricultores, juventude rural e representantes de sindicatos dos Munic\u00edpios baianos de Ibirapitanga, Teol\u00e2ndia, Presidente Tancredo Neves e Valen\u00e7a para participarem de uma Excurs\u00e3o na \u00c1rea Demonstrativa de Transi\u00e7\u00e3o Agroecol\u00f3gica da AMEPRRU (Associa\u00e7\u00e3o de M\u00e9dios e Pequenos Produtores Rurais de Valen\u00e7a-Ba) \u2013 projeto conhecido como \u201cDia de Campo\u201d \u2013 [&hellip;]<\/p>\n","protected":false},"author":6,"featured_media":0,"comment_status":"open","ping_status":"open","sticky":false,"template":"","format":"standard","meta":[],"categories":[5,34],"tags":[],"_links":{"self":[{"href":"https:\/\/www.ifbaiano.edu.br\/unidades\/valenca\/wp-json\/wp\/v2\/posts\/1063"}],"collection":[{"href":"https:\/\/www.ifbaiano.edu.br\/unidades\/valenca\/wp-json\/wp\/v2\/posts"}],"about":[{"href":"https:\/\/www.ifbaiano.edu.br\/unidades\/valenca\/wp-json\/wp\/v2\/types\/post"}],"author":[{"embeddable":true,"href":"https:\/\/www.ifbaiano.edu.br\/unidades\/valenca\/wp-json\/wp\/v2\/users\/6"}],"replies":[{"embeddable":true,"href":"https:\/\/www.ifbaiano.edu.br\/unidades\/valenca\/wp-json\/wp\/v2\/comments?post=1063"}],"version-history":[{"count":4,"href":"https:\/\/www.ifbaiano.edu.br\/unidades\/valenca\/wp-json\/wp\/v2\/posts\/1063\/revisions"}],"predecessor-version":[{"id":1066,"href":"https:\/\/www.ifbaiano.edu.br\/unidades\/valenca\/wp-json\/wp\/v2\/posts\/1063\/revisions\/1066"}],"wp:attachment":[{"href":"https:\/\/www.ifbaiano.edu.br\/unidades\/valenca\/wp-json\/wp\/v2\/media?parent=1063"}],"wp:term":[{"taxonomy":"category","embeddable":true,"href":"https:\/\/www.ifbaiano.edu.br\/unidades\/valenca\/wp-json\/wp\/v2\/categories?post=1063"},{"taxonomy":"post_tag","embeddable":true,"href":"https:\/\/www.ifbaiano.edu.br\/unidades\/valenca\/wp-json\/wp\/v2\/tags?post=1063"}],"curies":[{"name":"wp","href":"https:\/\/api.w.org\/{rel}","templated":true}]}}