{"id":1075,"date":"2011-11-23T11:06:53","date_gmt":"2011-11-23T11:06:53","guid":{"rendered":"http:\/\/www.ifbaiano.edu.br\/unidades\/valenca\/?p=1075"},"modified":"2011-11-23T11:06:53","modified_gmt":"2011-11-23T11:06:53","slug":"inscricoes-para-o-processo-seletivo-2012-do-if-baiano-sao-prorrogadas","status":"publish","type":"post","link":"https:\/\/www.ifbaiano.edu.br\/unidades\/valenca\/2011\/11\/23\/inscricoes-para-o-processo-seletivo-2012-do-if-baiano-sao-prorrogadas\/","title":{"rendered":"Inscri\u00e7\u00f5es para o processo seletivo 2012 do IF Baiano s\u00e3o prorrogadas"},"content":{"rendered":"<p>As inscri\u00e7\u00f5es para o Processo Seletivo 2012 do IF Baiano foram prorrogadas at\u00e9 o pr\u00f3ximo domingo (27). Estudantes interessados em fazer cursos t\u00e9cnicos integrados ou subseq\u00fcentes ao Ensino M\u00e9dio devem se inscrever atrav\u00e9s do site:<\/p>\n<p><a href=\"http:\/\/concursos.ifbaiano.edu.br\/\" target=\"_blank\">http:\/\/concursos.ifbaiano.edu.br<\/a>.<\/p>\n<p>Tamb\u00e9m nesse endere\u00e7o j\u00e1 est\u00e1 dispon\u00edvel a lista de estudantes isentos de taxa de inscri\u00e7\u00e3o.<\/p>\n<p>As provas do Processo Seletivo 2012 ser\u00e3o realizadas no dia 18 de dezembro. O Instituto Federal de Educa\u00e7\u00e3o, Ci\u00eancia e Tecnologia Baiano est\u00e1 espalhado por diversas cidades da Bahia, constituindo assim uma rede de oportunidades. Os cursos oferecidos contemplam diversos campos profissionais: agropecu\u00e1ria, servi\u00e7os, ci\u00eancias naturais e do meio ambiente, entre outros.<\/p>\n","protected":false},"excerpt":{"rendered":"<p>As inscri\u00e7\u00f5es para o Processo Seletivo 2012 do IF Baiano foram prorrogadas at\u00e9 o pr\u00f3ximo domingo (27). Estudantes interessados em fazer cursos t\u00e9cnicos integrados ou subseq\u00fcentes ao Ensino M\u00e9dio devem se inscrever atrav\u00e9s do site: http:\/\/concursos.ifbaiano.edu.br. Tamb\u00e9m nesse endere\u00e7o j\u00e1 est\u00e1 dispon\u00edvel a lista de estudantes isentos de taxa de inscri\u00e7\u00e3o. As provas do Processo [&hellip;]<\/p>\n","protected":false},"author":6,"featured_media":0,"comment_status":"open","ping_status":"open","sticky":false,"template":"","format":"standard","meta":[],"categories":[13,9],"tags":[],"_links":{"self":[{"href":"https:\/\/www.ifbaiano.edu.br\/unidades\/valenca\/wp-json\/wp\/v2\/posts\/1075"}],"collection":[{"href":"https:\/\/www.ifbaiano.edu.br\/unidades\/valenca\/wp-json\/wp\/v2\/posts"}],"about":[{"href":"https:\/\/www.ifbaiano.edu.br\/unidades\/valenca\/wp-json\/wp\/v2\/types\/post"}],"author":[{"embeddable":true,"href":"https:\/\/www.ifbaiano.edu.br\/unidades\/valenca\/wp-json\/wp\/v2\/users\/6"}],"replies":[{"embeddable":true,"href":"https:\/\/www.ifbaiano.edu.br\/unidades\/valenca\/wp-json\/wp\/v2\/comments?post=1075"}],"version-history":[{"count":2,"href":"https:\/\/www.ifbaiano.edu.br\/unidades\/valenca\/wp-json\/wp\/v2\/posts\/1075\/revisions"}],"predecessor-version":[{"id":1077,"href":"https:\/\/www.ifbaiano.edu.br\/unidades\/valenca\/wp-json\/wp\/v2\/posts\/1075\/revisions\/1077"}],"wp:attachment":[{"href":"https:\/\/www.ifbaiano.edu.br\/unidades\/valenca\/wp-json\/wp\/v2\/media?parent=1075"}],"wp:term":[{"taxonomy":"category","embeddable":true,"href":"https:\/\/www.ifbaiano.edu.br\/unidades\/valenca\/wp-json\/wp\/v2\/categories?post=1075"},{"taxonomy":"post_tag","embeddable":true,"href":"https:\/\/www.ifbaiano.edu.br\/unidades\/valenca\/wp-json\/wp\/v2\/tags?post=1075"}],"curies":[{"name":"wp","href":"https:\/\/api.w.org\/{rel}","templated":true}]}}