{"id":1079,"date":"2011-11-24T09:59:27","date_gmt":"2011-11-24T09:59:27","guid":{"rendered":"http:\/\/www.ifbaiano.edu.br\/unidades\/valenca\/?p=1079"},"modified":"2011-11-24T17:12:07","modified_gmt":"2011-11-24T17:12:07","slug":"campus-valenca-promove-seminario-de-estagio-para-alunos-do-curso-tecnicos-em-agropecuaria","status":"publish","type":"post","link":"https:\/\/www.ifbaiano.edu.br\/unidades\/valenca\/2011\/11\/24\/campus-valenca-promove-seminario-de-estagio-para-alunos-do-curso-tecnicos-em-agropecuaria\/","title":{"rendered":"Campus Valen\u00e7a promove Semin\u00e1rio de Est\u00e1gio para alunos do Curso T\u00e9cnicos em Agropecu\u00e1ria"},"content":{"rendered":"<p align=\"JUSTIFY\"><span><span style=\"font-size: small\">O <\/span><\/span><span><span style=\"font-size: small\"><em>Campus<\/em><\/span><\/span><span><span style=\"font-size: small\"> Valen\u00e7a promove nesta quinta (24\/11), no audit\u00f3rio do campus, o Semin\u00e1rio de Est\u00e1gio para Forma\u00e7\u00e3o dos T\u00e9cnicos em Agropecu\u00e1ria, coordenado pelo coordenador de Est\u00e1gio, Prof. Antonio Jorge Silva de Menezes. O evento, que \u00e9 considerado como<\/span><\/span><span><span style=\"font-size: small\">o primeiro passo para a inser\u00e7\u00e3o dos discentes no mercado de trabalho, <\/span><\/span><span><span style=\"font-size: small\"> j\u00e1 \u00e9 uma pr\u00e1tica do Campus.<\/span><\/span><\/p>\n<p align=\"JUSTIFY\"><span><span style=\"font-size: small\">O p\u00fablico alvo s\u00e3o os alunos do \u00faltimo per\u00edodo do <\/span><\/span><span><span style=\"font-size: small\">curso T\u00e9cnico em Agropecu\u00e1ria, que ter\u00e3o a oportunidade de congregar experi\u00eancias, habilidades e discutir pr\u00e1ticas que poder\u00e3o ser aplicadas durante o est\u00e1gio curricular. <\/span><\/span><\/p>\n<p align=\"JUSTIFY\"><span><span style=\"font-size: small\">Alunos de outros per\u00edodos e cursos tamb\u00e9m s\u00e3o convidados a participar do evento. <\/span><\/span><\/p>\n","protected":false},"excerpt":{"rendered":"<p>O Campus Valen\u00e7a promove nesta quinta (24\/11), no audit\u00f3rio do campus, o Semin\u00e1rio de Est\u00e1gio para Forma\u00e7\u00e3o dos T\u00e9cnicos em Agropecu\u00e1ria, coordenado pelo coordenador de Est\u00e1gio, Prof. Antonio Jorge Silva de Menezes. O evento, que \u00e9 considerado comoo primeiro passo para a inser\u00e7\u00e3o dos discentes no mercado de trabalho, j\u00e1 \u00e9 uma pr\u00e1tica do Campus. [&hellip;]<\/p>\n","protected":false},"author":6,"featured_media":0,"comment_status":"closed","ping_status":"closed","sticky":false,"template":"","format":"standard","meta":[],"categories":[13,5,28],"tags":[],"_links":{"self":[{"href":"https:\/\/www.ifbaiano.edu.br\/unidades\/valenca\/wp-json\/wp\/v2\/posts\/1079"}],"collection":[{"href":"https:\/\/www.ifbaiano.edu.br\/unidades\/valenca\/wp-json\/wp\/v2\/posts"}],"about":[{"href":"https:\/\/www.ifbaiano.edu.br\/unidades\/valenca\/wp-json\/wp\/v2\/types\/post"}],"author":[{"embeddable":true,"href":"https:\/\/www.ifbaiano.edu.br\/unidades\/valenca\/wp-json\/wp\/v2\/users\/6"}],"replies":[{"embeddable":true,"href":"https:\/\/www.ifbaiano.edu.br\/unidades\/valenca\/wp-json\/wp\/v2\/comments?post=1079"}],"version-history":[{"count":3,"href":"https:\/\/www.ifbaiano.edu.br\/unidades\/valenca\/wp-json\/wp\/v2\/posts\/1079\/revisions"}],"predecessor-version":[{"id":1084,"href":"https:\/\/www.ifbaiano.edu.br\/unidades\/valenca\/wp-json\/wp\/v2\/posts\/1079\/revisions\/1084"}],"wp:attachment":[{"href":"https:\/\/www.ifbaiano.edu.br\/unidades\/valenca\/wp-json\/wp\/v2\/media?parent=1079"}],"wp:term":[{"taxonomy":"category","embeddable":true,"href":"https:\/\/www.ifbaiano.edu.br\/unidades\/valenca\/wp-json\/wp\/v2\/categories?post=1079"},{"taxonomy":"post_tag","embeddable":true,"href":"https:\/\/www.ifbaiano.edu.br\/unidades\/valenca\/wp-json\/wp\/v2\/tags?post=1079"}],"curies":[{"name":"wp","href":"https:\/\/api.w.org\/{rel}","templated":true}]}}