{"id":1085,"date":"2011-11-25T12:00:35","date_gmt":"2011-11-25T12:00:35","guid":{"rendered":"http:\/\/www.ifbaiano.edu.br\/unidades\/valenca\/?p=1085"},"modified":"2011-11-25T12:00:35","modified_gmt":"2011-11-25T12:00:35","slug":"ii-forum-mundial-de-educacao-profissional-e-tecnologica","status":"publish","type":"post","link":"https:\/\/www.ifbaiano.edu.br\/unidades\/valenca\/2011\/11\/25\/ii-forum-mundial-de-educacao-profissional-e-tecnologica\/","title":{"rendered":"II F\u00d3RUM MUNDIAL DE EDUCA\u00c7\u00c3O PROFISSIONAL E TECNOL\u00d3GICA"},"content":{"rendered":"<pre>O lan\u00e7amento do II F\u00d3RUM MUNDIAL DE EDUCA\u00c7\u00c3O PROFISSIONAL E TECNOL\u00d3GICA, marcado para a pr\u00f3xima ter\u00e7a-feira (29\/11), ter\u00e1 transmiss\u00e3o ao vivo pela internet.\r\n\r\nQuem n\u00e3o puder estar presente, poder\u00e1 acompanhar a cerim\u00f4nia pelo site do F\u00f3rum (WWW.FORUMEDUTEC.ORG [1]). O link estar\u00e1 dispon\u00edvel para acesso na hora do lan\u00e7amento.\r\n\r\nSECRETARIA EXECUTIVA II F\u00d3RUM MUNDIAL DE EDUCA\u00c3\u00a7\u00c3\u00a3O PROFISSIONAL E TECNOLOGICA (48) 3877 9009<\/pre>\n<p align=\"JUSTIFY\"><a href=\"http:\/\/sitefmept.mec.gov.br\/\">http:\/\/sitefmept.mec.gov.br\/<\/a><\/p>\n<p>&nbsp;<\/p>\n","protected":false},"excerpt":{"rendered":"<p>O lan\u00e7amento do II F\u00d3RUM MUNDIAL DE EDUCA\u00c7\u00c3O PROFISSIONAL E TECNOL\u00d3GICA, marcado para a pr\u00f3xima ter\u00e7a-feira (29\/11), ter\u00e1 transmiss\u00e3o ao vivo pela internet. Quem n\u00e3o puder estar presente, poder\u00e1 acompanhar a cerim\u00f4nia pelo site do F\u00f3rum (WWW.FORUMEDUTEC.ORG [1]). O link estar\u00e1 dispon\u00edvel para acesso na hora do lan\u00e7amento. SECRETARIA EXECUTIVA II F\u00d3RUM MUNDIAL DE EDUCA\u00c3\u00a7\u00c3\u00a3O [&hellip;]<\/p>\n","protected":false},"author":6,"featured_media":0,"comment_status":"open","ping_status":"open","sticky":false,"template":"","format":"standard","meta":[],"categories":[5,21],"tags":[],"_links":{"self":[{"href":"https:\/\/www.ifbaiano.edu.br\/unidades\/valenca\/wp-json\/wp\/v2\/posts\/1085"}],"collection":[{"href":"https:\/\/www.ifbaiano.edu.br\/unidades\/valenca\/wp-json\/wp\/v2\/posts"}],"about":[{"href":"https:\/\/www.ifbaiano.edu.br\/unidades\/valenca\/wp-json\/wp\/v2\/types\/post"}],"author":[{"embeddable":true,"href":"https:\/\/www.ifbaiano.edu.br\/unidades\/valenca\/wp-json\/wp\/v2\/users\/6"}],"replies":[{"embeddable":true,"href":"https:\/\/www.ifbaiano.edu.br\/unidades\/valenca\/wp-json\/wp\/v2\/comments?post=1085"}],"version-history":[{"count":1,"href":"https:\/\/www.ifbaiano.edu.br\/unidades\/valenca\/wp-json\/wp\/v2\/posts\/1085\/revisions"}],"predecessor-version":[{"id":1086,"href":"https:\/\/www.ifbaiano.edu.br\/unidades\/valenca\/wp-json\/wp\/v2\/posts\/1085\/revisions\/1086"}],"wp:attachment":[{"href":"https:\/\/www.ifbaiano.edu.br\/unidades\/valenca\/wp-json\/wp\/v2\/media?parent=1085"}],"wp:term":[{"taxonomy":"category","embeddable":true,"href":"https:\/\/www.ifbaiano.edu.br\/unidades\/valenca\/wp-json\/wp\/v2\/categories?post=1085"},{"taxonomy":"post_tag","embeddable":true,"href":"https:\/\/www.ifbaiano.edu.br\/unidades\/valenca\/wp-json\/wp\/v2\/tags?post=1085"}],"curies":[{"name":"wp","href":"https:\/\/api.w.org\/{rel}","templated":true}]}}