{"id":1088,"date":"2011-11-28T17:23:14","date_gmt":"2011-11-28T17:23:14","guid":{"rendered":"http:\/\/www.ifbaiano.edu.br\/unidades\/valenca\/?p=1088"},"modified":"2011-11-28T19:20:29","modified_gmt":"2011-11-28T19:20:29","slug":"if-baiano-tem-estande-institucional-na-24-fenagro","status":"publish","type":"post","link":"https:\/\/www.ifbaiano.edu.br\/unidades\/valenca\/2011\/11\/28\/if-baiano-tem-estande-institucional-na-24-fenagro\/","title":{"rendered":"IF Baiano tem estande Institucional na 24\u00aa Fenagro"},"content":{"rendered":"<p>A Fenagro 2011 \u2013 Feira Internacional da Agropecu\u00e1ria \u2013 acontece entre os dias <strong>26 de novembro e 04 de dezembro<\/strong>. O evento \u00e9 tradicional e j\u00e1 chega a sua 24\u00aa edi\u00e7\u00e3o. Milhares de animais de diversos estados brasileiros ser\u00e3o expostos, atraindo um grande p\u00fablico especializado de criadores, t\u00e9cnicos, compradores, investidores e empres\u00e1rios. Cerca de 1.100 exposi\u00e7\u00e3o de animais e empresas ligadas ao setor agroindustrial de 17 est\u00e3o e 13 pa\u00edses comp\u00f5e em a Feira. A expectativa de p\u00fablico \u00e9 de 300 mil visitantes.<\/p>\n<p>A programa\u00e7\u00e3o do evento \u00e9 realizada no Parque de Exposi\u00e7\u00f5es Agropecu\u00e1rias de Salvador e tem como organizadores a Associa\u00e7\u00e3o Baiana de Criadores \u2013 ABAC e o Governo da Bahia.<\/p>\n<p><strong>Participa\u00e7\u00e3o do IF Baiano<\/strong><\/p>\n<p>O IF Baiano vai participar da Fenagro com um Estande Institucional, executado com o apoio da Seagri. O espa\u00e7o cumpre a fun\u00e7\u00e3o de divulgar a atua\u00e7\u00e3o do instituto na Bahia, representando todos os seus dez <em>c<\/em><em>ampi<\/em> e a Reitoria.<\/p>\n<p>Diante da magnitude do evento \u2013 tanto pela previs\u00e3o de p\u00fablico, quanto pela extens\u00e3o (09 dias) \u2013 alunos e servidores de todos os <em>campi <\/em>e da Reitoria estar\u00e3o no estande. O espa\u00e7o do IF Baiano tem sua abertura oficial no dia 27, domingo, \u00e0s 16h.<\/p>\n<p>O Campus Valen\u00e7a, jutamente com os campi de Governador Mangabeira e estar\u00e3o<\/p>\n<p>O estande tem 4 espa\u00e7os: recep\u00e7\u00e3o; espa\u00e7o para exposi\u00e7\u00e3o; dep\u00f3sito e Sala Vip \u2013 este \u00faltimo destinado a reuni\u00f5es e recep\u00e7\u00e3o de autoridades. O espa\u00e7o de exposi\u00e7\u00e3o contar com as seguintes se\u00e7\u00f5es:<\/p>\n<ul>\n<li><em><strong>Escola Itinerante<\/strong><\/em>, em que alunos do IF Baiano demonstrar\u00e3o atividades do referido Projeto;<\/li>\n<li><em><strong>Espa\u00e7o Gourmet<\/strong><\/em>, em que ser\u00e3o ofertados ao p\u00fablico produtos desenvolvidos nos <em>Campi<\/em> do Instituto;<\/li>\n<li><em><strong>Conhecendo o IF Baiano<\/strong><\/em>, em que ser\u00e3o expostos pain\u00e9is referentes aos <em>Campi<\/em> e \u00e0s Pr\u00f3-Reitorias, acerca de projetos e a\u00e7\u00f5es institucionais.\u00a0<\/li>\n<\/ul>\n<p><strong>O <em>Campus<\/em> Valen\u00e7a, jutamente com os <em>Campi<\/em> de Governador Mangabeira e Santa In\u00eas\u00a0estar\u00e3o no estande nos dias 29\/11 a 01\/12\/2011.\u00a0\u00a0<\/strong><\/p>\n<p style=\"text-align: right\">Fonte: ASCOM\/IF Baiano<\/p>\n","protected":false},"excerpt":{"rendered":"<p>A Fenagro 2011 \u2013 Feira Internacional da Agropecu\u00e1ria \u2013 acontece entre os dias 26 de novembro e 04 de dezembro. O evento \u00e9 tradicional e j\u00e1 chega a sua 24\u00aa edi\u00e7\u00e3o. Milhares de animais de diversos estados brasileiros ser\u00e3o expostos, atraindo um grande p\u00fablico especializado de criadores, t\u00e9cnicos, compradores, investidores e empres\u00e1rios. Cerca de 1.100 [&hellip;]<\/p>\n","protected":false},"author":6,"featured_media":0,"comment_status":"open","ping_status":"open","sticky":false,"template":"","format":"standard","meta":[],"categories":[34],"tags":[],"_links":{"self":[{"href":"https:\/\/www.ifbaiano.edu.br\/unidades\/valenca\/wp-json\/wp\/v2\/posts\/1088"}],"collection":[{"href":"https:\/\/www.ifbaiano.edu.br\/unidades\/valenca\/wp-json\/wp\/v2\/posts"}],"about":[{"href":"https:\/\/www.ifbaiano.edu.br\/unidades\/valenca\/wp-json\/wp\/v2\/types\/post"}],"author":[{"embeddable":true,"href":"https:\/\/www.ifbaiano.edu.br\/unidades\/valenca\/wp-json\/wp\/v2\/users\/6"}],"replies":[{"embeddable":true,"href":"https:\/\/www.ifbaiano.edu.br\/unidades\/valenca\/wp-json\/wp\/v2\/comments?post=1088"}],"version-history":[{"count":6,"href":"https:\/\/www.ifbaiano.edu.br\/unidades\/valenca\/wp-json\/wp\/v2\/posts\/1088\/revisions"}],"predecessor-version":[{"id":1090,"href":"https:\/\/www.ifbaiano.edu.br\/unidades\/valenca\/wp-json\/wp\/v2\/posts\/1088\/revisions\/1090"}],"wp:attachment":[{"href":"https:\/\/www.ifbaiano.edu.br\/unidades\/valenca\/wp-json\/wp\/v2\/media?parent=1088"}],"wp:term":[{"taxonomy":"category","embeddable":true,"href":"https:\/\/www.ifbaiano.edu.br\/unidades\/valenca\/wp-json\/wp\/v2\/categories?post=1088"},{"taxonomy":"post_tag","embeddable":true,"href":"https:\/\/www.ifbaiano.edu.br\/unidades\/valenca\/wp-json\/wp\/v2\/tags?post=1088"}],"curies":[{"name":"wp","href":"https:\/\/api.w.org\/{rel}","templated":true}]}}