{"id":1101,"date":"2011-11-28T19:19:10","date_gmt":"2011-11-28T19:19:10","guid":{"rendered":"http:\/\/www.ifbaiano.edu.br\/unidades\/valenca\/?p=1101"},"modified":"2011-11-28T19:19:10","modified_gmt":"2011-11-28T19:19:10","slug":"estarao-abertas-as-inscricoes-para-o-projeto-mulheres-mil-do-campus-valenca","status":"publish","type":"post","link":"https:\/\/www.ifbaiano.edu.br\/unidades\/valenca\/2011\/11\/28\/estarao-abertas-as-inscricoes-para-o-projeto-mulheres-mil-do-campus-valenca\/","title":{"rendered":"Estar\u00e3o abertas as inscri\u00e7\u00f5es para o Projeto Mulheres Mil do Campus Valen\u00e7a"},"content":{"rendered":"<p style=\"text-align: left\" align=\"center\">Estar\u00e3o abertas as inscri\u00e7\u00f5es para o PROGRAMA NACIONAL DE INTEGRA\u00c7\u00c3O DO PROJETO MULHERES MIL, Sub-Projeto: <strong>Valencianas Mil<\/strong>, do <em>Campus <\/em>Valen\u00e7a, com a oferta 100 vagas para o<strong> Curso de Qualifica\u00e7\u00e3o em Economia Social e Dom\u00e9stica, <\/strong>que ter\u00e1<strong> <\/strong>dura\u00e7\u00e3o de<strong> <\/strong>07(sete) meses, com turmas nos hor\u00e1rios matutino (07:30h \u00e0s 11:30h) e vespertino (13:15h \u00e0s 17:15h) de segunda a quinta<strong>.<\/strong><\/p>\n<p>As <strong>inscri\u00e7\u00f5es <\/strong>s\u00e3o <strong>gratuitas, <\/strong>e acontecer\u00e1<strong> <\/strong>no per\u00edodo de <strong>28 a 30 de novembro e 01 de dezembro de 2011<\/strong>, de segunda-feira a quinta-feira, no hor\u00e1rio das 08:3h0 \u00e0s 11:00h e das 14:30h \u00e0s 17:00h, na Coordena\u00e7\u00e3o do Programa Mulheres Mil \u2013 Campus Valen\u00e7a, localizada a Rua Glic\u00e9rio Tavares s\/n, Bate Quente.<\/p>\n<p>Para candidatar-se a uma vaga do Curso de Qualifica\u00e7\u00e3o em Economia Social e Dom\u00e9stica os interessados dever\u00e3o obedecer aos seguintes requisitos:<\/p>\n<p>&#8211;\u00a0 Ser do sexo feminino;<\/p>\n<p>&#8211;\u00a0 Ter no m\u00ednimo 18 anos;<\/p>\n<p>&#8211;\u00a0 Preferencialmente residir nas comunidades do Bate Quente, Baixa Alegre, Pitanga, Areal e Jambeiro do munic\u00edpio de Valen\u00e7a &#8211; Bahia;<\/p>\n<p>&#8211;\u00a0 Ter disponibilidade para participar de todas as atividades previstas no projeto;<\/p>\n<p>&#8211;\u00a0 Possuir renda familiar de at\u00e9 um sal\u00e1rio m\u00ednimo.<\/p>\n<p><strong>\u00a0<\/strong><\/p>\n<p>No ato da Inscri\u00e7\u00e3o, a candidata dever\u00e1 apresentar os seguintes documentos:<\/p>\n<p>&#8211;\u00a0 Ficha de inscri\u00e7\u00e3o e question\u00e1rio socioecon\u00f4mico (oferecido pela coordena\u00e7\u00e3o) devidamente respondido;<\/p>\n<p>&#8211;\u00a0 Fotoc\u00f3pia e original da Carteira de Identidade ou Certid\u00e3o de nascimento e CPF;<\/p>\n<p>&#8211;\u00a0 Comprovante da conta de energia el\u00e9trica da resid\u00eancia familiar dos tr\u00eas \u00faltimos meses;<\/p>\n<p>&#8211;\u00a0 Apresentar original e c\u00f3pia do comprovante de renda familiar (contra cheque, bolsa fam\u00edlia, declara\u00e7\u00e3o de Sindicato, Associa\u00e7\u00f5es ou de pr\u00f3prio punho).<\/p>\n<p>\u00a0O Resultado final ser\u00e1 divulgado no dia <strong>05 de dezembro de 2011<\/strong>, atrav\u00e9s dos <strong>s\u00edtios: <a href=\"http:\/\/www.ifbaiano.edu.br\/\">www.ifbaiano.edu.br<\/a>; <a href=\"http:\/\/www.ifbaiano.edu.br\/unidades\/valenca\">www.ifbaiano.edu.br\/unidades\/valenca<\/a>; e afixado no mural do pr\u00f3prio campus.<\/strong><\/p>\n<p>As candidatas classificadas dever\u00e3o comparecer ao campus do IFBaiano \u2013 Valen\u00e7a para realizarem suas matr\u00edculas, com a devida documenta\u00e7\u00e3o, no per\u00edodo de <strong>06 a 08 de dezembro de 2011 no hor\u00e1rio das 08h30min \u00e0s 11h00min e das 14h30min \u00e0s 17h00min<\/strong>.<\/p>\n<p>Para maiores informa\u00e7\u00f5es, confira o <a href=\"http:\/\/www.ifbaiano.edu.br\/unidades\/valenca\/files\/2011\/11\/EDITAL_MULHERES_MIL_01-2011.pdf\">Edital<\/a><\/p>\n","protected":false},"excerpt":{"rendered":"<p>Estar\u00e3o abertas as inscri\u00e7\u00f5es para o PROGRAMA NACIONAL DE INTEGRA\u00c7\u00c3O DO PROJETO MULHERES MIL, Sub-Projeto: Valencianas Mil, do Campus Valen\u00e7a, com a oferta 100 vagas para o Curso de Qualifica\u00e7\u00e3o em Economia Social e Dom\u00e9stica, que ter\u00e1 dura\u00e7\u00e3o de 07(sete) meses, com turmas nos hor\u00e1rios matutino (07:30h \u00e0s 11:30h) e vespertino (13:15h \u00e0s 17:15h) de [&hellip;]<\/p>\n","protected":false},"author":6,"featured_media":0,"comment_status":"open","ping_status":"open","sticky":false,"template":"","format":"standard","meta":[],"categories":[5,35],"tags":[],"_links":{"self":[{"href":"https:\/\/www.ifbaiano.edu.br\/unidades\/valenca\/wp-json\/wp\/v2\/posts\/1101"}],"collection":[{"href":"https:\/\/www.ifbaiano.edu.br\/unidades\/valenca\/wp-json\/wp\/v2\/posts"}],"about":[{"href":"https:\/\/www.ifbaiano.edu.br\/unidades\/valenca\/wp-json\/wp\/v2\/types\/post"}],"author":[{"embeddable":true,"href":"https:\/\/www.ifbaiano.edu.br\/unidades\/valenca\/wp-json\/wp\/v2\/users\/6"}],"replies":[{"embeddable":true,"href":"https:\/\/www.ifbaiano.edu.br\/unidades\/valenca\/wp-json\/wp\/v2\/comments?post=1101"}],"version-history":[{"count":2,"href":"https:\/\/www.ifbaiano.edu.br\/unidades\/valenca\/wp-json\/wp\/v2\/posts\/1101\/revisions"}],"predecessor-version":[{"id":1117,"href":"https:\/\/www.ifbaiano.edu.br\/unidades\/valenca\/wp-json\/wp\/v2\/posts\/1101\/revisions\/1117"}],"wp:attachment":[{"href":"https:\/\/www.ifbaiano.edu.br\/unidades\/valenca\/wp-json\/wp\/v2\/media?parent=1101"}],"wp:term":[{"taxonomy":"category","embeddable":true,"href":"https:\/\/www.ifbaiano.edu.br\/unidades\/valenca\/wp-json\/wp\/v2\/categories?post=1101"},{"taxonomy":"post_tag","embeddable":true,"href":"https:\/\/www.ifbaiano.edu.br\/unidades\/valenca\/wp-json\/wp\/v2\/tags?post=1101"}],"curies":[{"name":"wp","href":"https:\/\/api.w.org\/{rel}","templated":true}]}}