{"id":1112,"date":"2011-11-30T10:51:16","date_gmt":"2011-11-30T10:51:16","guid":{"rendered":"http:\/\/www.ifbaiano.edu.br\/unidades\/valenca\/?p=1112"},"modified":"2011-11-30T10:55:51","modified_gmt":"2011-11-30T10:55:51","slug":"desperte-o-artista-que-existe-dentro-de-voce-participe-da-quarta-cultural","status":"publish","type":"post","link":"https:\/\/www.ifbaiano.edu.br\/unidades\/valenca\/2011\/11\/30\/desperte-o-artista-que-existe-dentro-de-voce-participe-da-quarta-cultural\/","title":{"rendered":"Desperte o artista que existe dentro de voc\u00ea: participe da QUARTA CULTURAL"},"content":{"rendered":"<p align=\"JUSTIFY\"><span style=\"color: #000000\"><span><span style=\"font-size: small\">A Quarta-Cultural \u00e9 um projeto que visa despertar nos discentes, docentes e funcion\u00e1rios do IFBaiano Campus Valen\u00e7a suas habilidades art\u00edsticas, soltando a voz e o corpo. Vale dan\u00e7a, m\u00fasica, teatro e poesia.<\/span><\/span><\/span><\/p>\n<p align=\"JUSTIFY\"><span style=\"color: #000000\"><span><span style=\"font-size: small\">O projeto que acontece todas as quartas-feiras de 11h30min \u00e0s 13h00, no Audit\u00f3rio do <em>Campus<\/em>, \u00e9 uma parceria entre o Prof. Wellington Jos\u00e9 C. dos Santos; o Coordenador <span><span style=\"font-size: x-small\">do N\u00facleo de Assist\u00eancia ao Educando,<\/span><\/span>Paulo Barbosa dos Santos; e Gr\u00eamio Estudantil.<\/span><\/span><\/span><\/p>\n","protected":false},"excerpt":{"rendered":"<p>A Quarta-Cultural \u00e9 um projeto que visa despertar nos discentes, docentes e funcion\u00e1rios do IFBaiano Campus Valen\u00e7a suas habilidades art\u00edsticas, soltando a voz e o corpo. Vale dan\u00e7a, m\u00fasica, teatro e poesia. O projeto que acontece todas as quartas-feiras de 11h30min \u00e0s 13h00, no Audit\u00f3rio do Campus, \u00e9 uma parceria entre o Prof. Wellington Jos\u00e9 [&hellip;]<\/p>\n","protected":false},"author":6,"featured_media":0,"comment_status":"open","ping_status":"open","sticky":false,"template":"","format":"standard","meta":[],"categories":[34],"tags":[],"_links":{"self":[{"href":"https:\/\/www.ifbaiano.edu.br\/unidades\/valenca\/wp-json\/wp\/v2\/posts\/1112"}],"collection":[{"href":"https:\/\/www.ifbaiano.edu.br\/unidades\/valenca\/wp-json\/wp\/v2\/posts"}],"about":[{"href":"https:\/\/www.ifbaiano.edu.br\/unidades\/valenca\/wp-json\/wp\/v2\/types\/post"}],"author":[{"embeddable":true,"href":"https:\/\/www.ifbaiano.edu.br\/unidades\/valenca\/wp-json\/wp\/v2\/users\/6"}],"replies":[{"embeddable":true,"href":"https:\/\/www.ifbaiano.edu.br\/unidades\/valenca\/wp-json\/wp\/v2\/comments?post=1112"}],"version-history":[{"count":4,"href":"https:\/\/www.ifbaiano.edu.br\/unidades\/valenca\/wp-json\/wp\/v2\/posts\/1112\/revisions"}],"predecessor-version":[{"id":1115,"href":"https:\/\/www.ifbaiano.edu.br\/unidades\/valenca\/wp-json\/wp\/v2\/posts\/1112\/revisions\/1115"}],"wp:attachment":[{"href":"https:\/\/www.ifbaiano.edu.br\/unidades\/valenca\/wp-json\/wp\/v2\/media?parent=1112"}],"wp:term":[{"taxonomy":"category","embeddable":true,"href":"https:\/\/www.ifbaiano.edu.br\/unidades\/valenca\/wp-json\/wp\/v2\/categories?post=1112"},{"taxonomy":"post_tag","embeddable":true,"href":"https:\/\/www.ifbaiano.edu.br\/unidades\/valenca\/wp-json\/wp\/v2\/tags?post=1112"}],"curies":[{"name":"wp","href":"https:\/\/api.w.org\/{rel}","templated":true}]}}