{"id":1119,"date":"2011-12-01T16:03:45","date_gmt":"2011-12-01T16:03:45","guid":{"rendered":"http:\/\/www.ifbaiano.edu.br\/unidades\/valenca\/?p=1119"},"modified":"2011-12-01T16:35:49","modified_gmt":"2011-12-01T16:35:49","slug":"segunda-semana-de-arte-moderna-movimenta-alunos-do-campus-valenca","status":"publish","type":"post","link":"https:\/\/www.ifbaiano.edu.br\/unidades\/valenca\/2011\/12\/01\/segunda-semana-de-arte-moderna-movimenta-alunos-do-campus-valenca\/","title":{"rendered":"Segunda semana de arte moderna movimenta alunos do Campus Valen\u00e7a"},"content":{"rendered":"<p align=\"JUSTIFY\">Nesta quinta-feira (01\/12), alunos do 3\u00ba ano, em atividade da disciplina de L\u00edngua Portuguesa com professora Maria Raimunda, realizou no audit\u00f3rio do Campus a Segunda Semana de Arte Moderna, que tem por objetivo possibilitar aos alunos experienciar a arte em suas diferentes manifesta\u00e7\u00f5es tendo como foco a Semana de Arte Moderna.<\/p>\n<p align=\"JUSTIFY\">\u00a0Para falar sobre o processos de cria\u00e7\u00e3o o evento contou com a presen\u00e7a dos convidados Moacir Saraiva \u2013 membro da Academia Valenciana de Letras; e da escritora mirim Helena Almeida, que ao final da atividade destruiu c\u00f3pias autografadas de seus contos. O Escritor Moacir Saraiva presenteou a biblioteca do C<em>ampus<\/em> com seu livro de cr\u00f4nicas \u201cA riqueza do detalhe\u201d.<\/p>\n<p align=\"JUSTIFY\">\u00a0A atividade que movimentou os alunos foi recheada de apresenta\u00e7\u00f5es teatrais, exposi\u00e7\u00f5es de telas, declama\u00e7\u00f5es de poesias e m\u00fasica.<\/p>\n<p>&nbsp;<\/p>\n","protected":false},"excerpt":{"rendered":"<p>Nesta quinta-feira (01\/12), alunos do 3\u00ba ano, em atividade da disciplina de L\u00edngua Portuguesa com professora Maria Raimunda, realizou no audit\u00f3rio do Campus a Segunda Semana de Arte Moderna, que tem por objetivo possibilitar aos alunos experienciar a arte em suas diferentes manifesta\u00e7\u00f5es tendo como foco a Semana de Arte Moderna. \u00a0Para falar sobre o [&hellip;]<\/p>\n","protected":false},"author":6,"featured_media":0,"comment_status":"closed","ping_status":"closed","sticky":false,"template":"","format":"standard","meta":[],"categories":[5,34],"tags":[],"_links":{"self":[{"href":"https:\/\/www.ifbaiano.edu.br\/unidades\/valenca\/wp-json\/wp\/v2\/posts\/1119"}],"collection":[{"href":"https:\/\/www.ifbaiano.edu.br\/unidades\/valenca\/wp-json\/wp\/v2\/posts"}],"about":[{"href":"https:\/\/www.ifbaiano.edu.br\/unidades\/valenca\/wp-json\/wp\/v2\/types\/post"}],"author":[{"embeddable":true,"href":"https:\/\/www.ifbaiano.edu.br\/unidades\/valenca\/wp-json\/wp\/v2\/users\/6"}],"replies":[{"embeddable":true,"href":"https:\/\/www.ifbaiano.edu.br\/unidades\/valenca\/wp-json\/wp\/v2\/comments?post=1119"}],"version-history":[{"count":3,"href":"https:\/\/www.ifbaiano.edu.br\/unidades\/valenca\/wp-json\/wp\/v2\/posts\/1119\/revisions"}],"predecessor-version":[{"id":1121,"href":"https:\/\/www.ifbaiano.edu.br\/unidades\/valenca\/wp-json\/wp\/v2\/posts\/1119\/revisions\/1121"}],"wp:attachment":[{"href":"https:\/\/www.ifbaiano.edu.br\/unidades\/valenca\/wp-json\/wp\/v2\/media?parent=1119"}],"wp:term":[{"taxonomy":"category","embeddable":true,"href":"https:\/\/www.ifbaiano.edu.br\/unidades\/valenca\/wp-json\/wp\/v2\/categories?post=1119"},{"taxonomy":"post_tag","embeddable":true,"href":"https:\/\/www.ifbaiano.edu.br\/unidades\/valenca\/wp-json\/wp\/v2\/tags?post=1119"}],"curies":[{"name":"wp","href":"https:\/\/api.w.org\/{rel}","templated":true}]}}