{"id":1127,"date":"2011-12-02T18:35:15","date_gmt":"2011-12-02T18:35:15","guid":{"rendered":"http:\/\/www.ifbaiano.edu.br\/unidades\/valenca\/?p=1127"},"modified":"2011-12-05T20:43:36","modified_gmt":"2011-12-05T20:43:36","slug":"1127","status":"publish","type":"post","link":"https:\/\/www.ifbaiano.edu.br\/unidades\/valenca\/2011\/12\/02\/1127\/","title":{"rendered":"O N\u00facleo de Estudo e Pesquisa do Campus Valen\u00e7a \u2013 NEPEAC \u2013 lan\u00e7a Edital para Sele\u00e7\u00e3o de Estudantes Bolsistas"},"content":{"rendered":"<p>O NEPEAC (N\u00facleo de Estudo e Pesquisa em Educa\u00e7\u00e3o Ambiental, Sustentabilidade e Cidadania) lan\u00e7a\u00a0 o Edital de sele\u00e7\u00e3o para sele\u00e7\u00e3o de estudantes interessados em participar das atividades de estudos, projetos de pesquisa e extens\u00e3o.<\/p>\n<p>Ser\u00e3o oferecidas 12 (doze) vagas, sendo quatro vagas com bolsas de extens\u00e3o contempladas pelo Edital PROPEX 2011 e oito vagas com bolsas de pesquisa contempladas pelo Edital PROPES 2011,\u00a0 com carga hor\u00e1ria de 20 e 10 horas por semana. As bolsas estar\u00e3o distribu\u00eddas nas linhas de pesquisa abaixo:<\/p>\n<p>1. Desenvolvimento Regional, Pol\u00edticas P\u00fablicas e Sustentabilidade;<\/p>\n<p>2. Diagn\u00f3stico e Planejamento Ambiental;<\/p>\n<p>3. Educa\u00e7\u00e3o, Forma\u00e7\u00e3o de Professor e Meio Ambiente;<\/p>\n<p>4. \u00c9tica e Educa\u00e7\u00e3o Ambiental;<\/p>\n<p>5. Meio Ambiente: consumo, cultura e sustentabilidade.<\/p>\n<p>Para concorrer a uma das bolsas o candidato dever\u00e1 estar matriculado em um dos cursos presenciais do IFBaiano, Campus Valen\u00e7a ou Campus Santa In\u00eas e comprovar disponibilidade de tempo para exercer as atividades propostas pelo NEPEAC, mediante declara\u00e7\u00e3o de pr\u00f3prio punho.<\/p>\n<p>As inscri\u00e7\u00f5es ser\u00e3o feitas exclusivamente pelo email <a href=\"mailto:nepeac@yahoo.com.br\">nepeac@yahoo.com.br<\/a>, at\u00e9 o dia 09 de dezembro.\u00a0 O pedido de inscri\u00e7\u00e3o deve ser individual e encaminhado aos cuidados do Professor Dr. Jos\u00e9 de Lira Santana \u2013 Coordenador Geral do NEPEAC, apresentando as seguintes informa\u00e7\u00f5es:<\/p>\n<p>DADOS PESSOAIS:<\/p>\n<p>Nome completo:<\/p>\n<p>Data de nascimento:<\/p>\n<p>Endere\u00e7o:<\/p>\n<p>Curso:<\/p>\n<p>S\u00e9rie:<\/p>\n<p><em>Campus <\/em>de origem:<\/p>\n<p>&nbsp;<\/p>\n<p>DADOS DA MODALIDADE DO PROJETO:<\/p>\n<p>Nome do projeto a que deseja se vincular:<\/p>\n<p>Carga hor\u00e1ria:<\/p>\n<p>&nbsp;<\/p>\n<p>A sele\u00e7\u00e3o constar\u00e1 de duas etapas, produ\u00e7\u00e3o textual e entrevista, obedecendo ao seguinte cronograma:<\/p>\n<p>a) Produ\u00e7\u00e3o textual: dia 10 de dezembro de 2011, das 09 \u00e0s 12horas.<\/p>\n<p>b) Entrevista: dias12 e 13 de dezembro de 2011.<\/p>\n<p>c)\u00a0 Resultado final: 14\/12\/2011, a partir das 14 horas por meio da p\u00e1gina eletr\u00f4nica\u00a0do NEPEAC: <a href=\"http:\/\/gruponepeac.webnode.com.br\/\">http:\/\/gruponepeac.webnode.com.br<\/a>, nos murais e site do campus: <a href=\"http:\/\/www.ifbaiano.edu.br\/unidades\/valenca\">www.ifbaiano.edu.br\/unidades\/valenca<\/a>.<\/p>\n<p>\u00a0\u00a0\u00a0\u00a0\u00a0\u00a0 Maiores informa\u00e7\u00f5es confira o .<\/p>\n<p>\u00a0\u00a0\u00a0\u00a0\u00a0 O N\u00facleo de Estudo e Pesquisa em Educa\u00e7\u00e3o Ambiental, Sustentabilidade e Cidadania \u2013 (NEPEAC), vinculado ao CNPq e ao Instituto Federal de Educa\u00e7\u00e3o, Ci\u00eancia e Tecnologia (IFBaiano \u2013 <em>Campus<\/em> Valen\u00e7a- BA), desenvolve estudos e pesquisas, realiza palestras e semin\u00e1rios e discute tem\u00e1ticas voltadas para as quest\u00f5es socioambientais.<\/p>\n<p>&nbsp;<\/p>\n","protected":false},"excerpt":{"rendered":"<p>O NEPEAC (N\u00facleo de Estudo e Pesquisa em Educa\u00e7\u00e3o Ambiental, Sustentabilidade e Cidadania) lan\u00e7a\u00a0 o Edital de sele\u00e7\u00e3o para sele\u00e7\u00e3o de estudantes interessados em participar das atividades de estudos, projetos de pesquisa e extens\u00e3o. Ser\u00e3o oferecidas 12 (doze) vagas, sendo quatro vagas com bolsas de extens\u00e3o contempladas pelo Edital PROPEX 2011 e oito vagas com [&hellip;]<\/p>\n","protected":false},"author":6,"featured_media":0,"comment_status":"open","ping_status":"open","sticky":false,"template":"","format":"standard","meta":[],"categories":[5,35,29],"tags":[],"_links":{"self":[{"href":"https:\/\/www.ifbaiano.edu.br\/unidades\/valenca\/wp-json\/wp\/v2\/posts\/1127"}],"collection":[{"href":"https:\/\/www.ifbaiano.edu.br\/unidades\/valenca\/wp-json\/wp\/v2\/posts"}],"about":[{"href":"https:\/\/www.ifbaiano.edu.br\/unidades\/valenca\/wp-json\/wp\/v2\/types\/post"}],"author":[{"embeddable":true,"href":"https:\/\/www.ifbaiano.edu.br\/unidades\/valenca\/wp-json\/wp\/v2\/users\/6"}],"replies":[{"embeddable":true,"href":"https:\/\/www.ifbaiano.edu.br\/unidades\/valenca\/wp-json\/wp\/v2\/comments?post=1127"}],"version-history":[{"count":5,"href":"https:\/\/www.ifbaiano.edu.br\/unidades\/valenca\/wp-json\/wp\/v2\/posts\/1127\/revisions"}],"predecessor-version":[{"id":1130,"href":"https:\/\/www.ifbaiano.edu.br\/unidades\/valenca\/wp-json\/wp\/v2\/posts\/1127\/revisions\/1130"}],"wp:attachment":[{"href":"https:\/\/www.ifbaiano.edu.br\/unidades\/valenca\/wp-json\/wp\/v2\/media?parent=1127"}],"wp:term":[{"taxonomy":"category","embeddable":true,"href":"https:\/\/www.ifbaiano.edu.br\/unidades\/valenca\/wp-json\/wp\/v2\/categories?post=1127"},{"taxonomy":"post_tag","embeddable":true,"href":"https:\/\/www.ifbaiano.edu.br\/unidades\/valenca\/wp-json\/wp\/v2\/tags?post=1127"}],"curies":[{"name":"wp","href":"https:\/\/api.w.org\/{rel}","templated":true}]}}