{"id":1142,"date":"2011-12-06T12:26:05","date_gmt":"2011-12-06T12:26:05","guid":{"rendered":"http:\/\/www.ifbaiano.edu.br\/unidades\/valenca\/?p=1142"},"modified":"2011-12-06T12:37:00","modified_gmt":"2011-12-06T12:37:00","slug":"resultado-da-selecao-para-o-programa-mulheres-mil-do-campus-valenca","status":"publish","type":"post","link":"https:\/\/www.ifbaiano.edu.br\/unidades\/valenca\/2011\/12\/06\/resultado-da-selecao-para-o-programa-mulheres-mil-do-campus-valenca\/","title":{"rendered":"Resultado da sele\u00e7\u00e3o para o Programa Mulheres Mil do Campus Valen\u00e7a"},"content":{"rendered":"<p>Confira o <a href=\"http:\/\/www.ifbaiano.edu.br\/unidades\/valenca\/files\/2011\/12\/RESULTADO_MulheresMil1.pdf\">resultado<\/a> da sele\u00e7\u00e3o para o PROGRAMA NACIONAL DE INTEGRA\u00c7\u00c3O DO PROJETO MULHERES MIL, Sub-Projeto: <strong>Valencianas Mil<\/strong>, do Instituto Federal Baiano &#8211; <em>Campus <\/em>Valen\u00e7a. Foram selecionadas 100 mulheres para o<strong> Curso de Qualifica\u00e7\u00e3o em Economia Social e Dom\u00e9stica.<\/strong><\/p>\n<p>As candidatas classificadas dever\u00e3o comparecer ao campus do IFBaiano \u2013 Valen\u00e7a para realizarem suas matr\u00edculas, com a devida documenta\u00e7\u00e3o, no per\u00edodo de <strong>06 a 08 de dezembro de 2011 no hor\u00e1rio das 08h30min \u00e0s 11h00min e das 14h30min \u00e0s 17h00min<\/strong>.<\/p>\n","protected":false},"excerpt":{"rendered":"<p>Confira o resultado da sele\u00e7\u00e3o para o PROGRAMA NACIONAL DE INTEGRA\u00c7\u00c3O DO PROJETO MULHERES MIL, Sub-Projeto: Valencianas Mil, do Instituto Federal Baiano &#8211; Campus Valen\u00e7a. Foram selecionadas 100 mulheres para o Curso de Qualifica\u00e7\u00e3o em Economia Social e Dom\u00e9stica. As candidatas classificadas dever\u00e3o comparecer ao campus do IFBaiano \u2013 Valen\u00e7a para realizarem suas matr\u00edculas, com [&hellip;]<\/p>\n","protected":false},"author":6,"featured_media":0,"comment_status":"open","ping_status":"open","sticky":false,"template":"","format":"standard","meta":[],"categories":[5],"tags":[],"_links":{"self":[{"href":"https:\/\/www.ifbaiano.edu.br\/unidades\/valenca\/wp-json\/wp\/v2\/posts\/1142"}],"collection":[{"href":"https:\/\/www.ifbaiano.edu.br\/unidades\/valenca\/wp-json\/wp\/v2\/posts"}],"about":[{"href":"https:\/\/www.ifbaiano.edu.br\/unidades\/valenca\/wp-json\/wp\/v2\/types\/post"}],"author":[{"embeddable":true,"href":"https:\/\/www.ifbaiano.edu.br\/unidades\/valenca\/wp-json\/wp\/v2\/users\/6"}],"replies":[{"embeddable":true,"href":"https:\/\/www.ifbaiano.edu.br\/unidades\/valenca\/wp-json\/wp\/v2\/comments?post=1142"}],"version-history":[{"count":5,"href":"https:\/\/www.ifbaiano.edu.br\/unidades\/valenca\/wp-json\/wp\/v2\/posts\/1142\/revisions"}],"predecessor-version":[{"id":1149,"href":"https:\/\/www.ifbaiano.edu.br\/unidades\/valenca\/wp-json\/wp\/v2\/posts\/1142\/revisions\/1149"}],"wp:attachment":[{"href":"https:\/\/www.ifbaiano.edu.br\/unidades\/valenca\/wp-json\/wp\/v2\/media?parent=1142"}],"wp:term":[{"taxonomy":"category","embeddable":true,"href":"https:\/\/www.ifbaiano.edu.br\/unidades\/valenca\/wp-json\/wp\/v2\/categories?post=1142"},{"taxonomy":"post_tag","embeddable":true,"href":"https:\/\/www.ifbaiano.edu.br\/unidades\/valenca\/wp-json\/wp\/v2\/tags?post=1142"}],"curies":[{"name":"wp","href":"https:\/\/api.w.org\/{rel}","templated":true}]}}