{"id":1158,"date":"2011-12-06T13:12:40","date_gmt":"2011-12-06T13:12:40","guid":{"rendered":"http:\/\/www.ifbaiano.edu.br\/unidades\/valenca\/?p=1158"},"modified":"2011-12-06T13:12:40","modified_gmt":"2011-12-06T13:12:40","slug":"servico-de-dominio-sera-implantado-no-campus-pelo-setor-de-tecnologia-da-informacao-2","status":"publish","type":"post","link":"https:\/\/www.ifbaiano.edu.br\/unidades\/valenca\/2011\/12\/06\/servico-de-dominio-sera-implantado-no-campus-pelo-setor-de-tecnologia-da-informacao-2\/","title":{"rendered":"Servi\u00e7o de dom\u00ednio ser\u00e1 implantado no campus pelo setor de Tecnologia da Informa\u00e7\u00e3o"},"content":{"rendered":"<div>Quarta-feira, 07\/12\/2011, o servi\u00e7o de dom\u00ednio ser\u00e1 implantado no campus. O servi\u00e7o de dom\u00ednio agrega os servi\u00e7os de:<\/div>\n<div>\n<p>\u00a0&#8211; <strong>Servidor de arquivos<\/strong>: Todos os arquivos do campus ficar\u00e3o centralizados em um servidor protegido por um nobreak e um cluster de bateria.<\/p>\n<p>\u00a0&#8211; <strong>Servidor de login\/logout<\/strong>: os usu\u00e1rios do campus ter\u00e3o login e senha validos em qualquer computador do campus.<\/p>\n<p>\u00a0&#8211; <strong>Servidor de impress\u00e3o<\/strong>: O controle de impress\u00e3o ser\u00e1 realizado por um servidor onde os usu\u00e1rios receber\u00e3o ou n\u00e3o permiss\u00e3o para imprimir nas impressoras do campus.<\/p>\n<p>A centraliza\u00e7\u00e3o dos arquivos do campus eleva consideravelmente a seguran\u00e7a, confiabilidade e disponibilidade dos mesmos. Os servidores ter\u00e3o acesso aos seus arquivos em qualquer computador do campus, sendo que os mesmos n\u00e3o ser\u00e3o acess\u00edveis a nenhum outro servidor devido a seguran\u00e7a fornecida pelo servidor de arquivos.<\/p>\n<p><strong>Lembre-se que:<\/strong><\/p>\n<p>1 \u00c9 proibido o armazenamento de arquivos de cunho pessoal, musicas, v\u00eddeos, jogos, fotos ou qualquer outro tipo de arquivos n\u00e3o seja do dom\u00ednio do IF Baiano campus Valen\u00e7a;<\/p>\n<p>2 Todos os arquivos que n\u00e3o sejam do IF Baiano ser\u00e3o deletados do servidor;<\/p>\n<p>3 A UTIC responsabiliza-se apenas pelos arquivos no servidor de arquivos, qualquer perda de arquivos nas maquinas locais n\u00e3o ter\u00e1 suporte da UTIC para resolu\u00e7\u00e3o dos problema;<\/p>\n<p>4 As pol\u00edticas de acesso a rede do instituto ser\u00e3o baseadas no dom\u00ednio,por isso problemas que ocorrerem devido a n\u00e3o utiliza\u00e7\u00e3o do login do campus n\u00e3o ser\u00e3o tratados pela UTIC.<\/p>\n<p>Qualquer d\u00favida consultar o senhor Fagner Brasil no setor de T.I.<\/p>\n<\/div>\n","protected":false},"excerpt":{"rendered":"<p>Quarta-feira, 07\/12\/2011, o servi\u00e7o de dom\u00ednio ser\u00e1 implantado no campus. O servi\u00e7o de dom\u00ednio agrega os servi\u00e7os de: \u00a0&#8211; Servidor de arquivos: Todos os arquivos do campus ficar\u00e3o centralizados em um servidor protegido por um nobreak e um cluster de bateria. \u00a0&#8211; Servidor de login\/logout: os usu\u00e1rios do campus ter\u00e3o login e senha validos em [&hellip;]<\/p>\n","protected":false},"author":6,"featured_media":0,"comment_status":"open","ping_status":"open","sticky":false,"template":"","format":"standard","meta":[],"categories":[4],"tags":[],"_links":{"self":[{"href":"https:\/\/www.ifbaiano.edu.br\/unidades\/valenca\/wp-json\/wp\/v2\/posts\/1158"}],"collection":[{"href":"https:\/\/www.ifbaiano.edu.br\/unidades\/valenca\/wp-json\/wp\/v2\/posts"}],"about":[{"href":"https:\/\/www.ifbaiano.edu.br\/unidades\/valenca\/wp-json\/wp\/v2\/types\/post"}],"author":[{"embeddable":true,"href":"https:\/\/www.ifbaiano.edu.br\/unidades\/valenca\/wp-json\/wp\/v2\/users\/6"}],"replies":[{"embeddable":true,"href":"https:\/\/www.ifbaiano.edu.br\/unidades\/valenca\/wp-json\/wp\/v2\/comments?post=1158"}],"version-history":[{"count":2,"href":"https:\/\/www.ifbaiano.edu.br\/unidades\/valenca\/wp-json\/wp\/v2\/posts\/1158\/revisions"}],"predecessor-version":[{"id":1161,"href":"https:\/\/www.ifbaiano.edu.br\/unidades\/valenca\/wp-json\/wp\/v2\/posts\/1158\/revisions\/1161"}],"wp:attachment":[{"href":"https:\/\/www.ifbaiano.edu.br\/unidades\/valenca\/wp-json\/wp\/v2\/media?parent=1158"}],"wp:term":[{"taxonomy":"category","embeddable":true,"href":"https:\/\/www.ifbaiano.edu.br\/unidades\/valenca\/wp-json\/wp\/v2\/categories?post=1158"},{"taxonomy":"post_tag","embeddable":true,"href":"https:\/\/www.ifbaiano.edu.br\/unidades\/valenca\/wp-json\/wp\/v2\/tags?post=1158"}],"curies":[{"name":"wp","href":"https:\/\/api.w.org\/{rel}","templated":true}]}}