{"id":1172,"date":"2011-12-12T11:49:30","date_gmt":"2011-12-12T11:49:30","guid":{"rendered":"http:\/\/www.ifbaiano.edu.br\/unidades\/valenca\/?p=1172"},"modified":"2011-12-14T17:24:58","modified_gmt":"2011-12-14T17:24:58","slug":"provas-para-ingresso-nos-cusos-do-if-baiano-sera-neste-domingo","status":"publish","type":"post","link":"https:\/\/www.ifbaiano.edu.br\/unidades\/valenca\/2011\/12\/12\/provas-para-ingresso-nos-cusos-do-if-baiano-sera-neste-domingo\/","title":{"rendered":"Provas para ingresso nos cusos do IF Baiano ser\u00e3o neste domingo &#8211; 18\/12"},"content":{"rendered":"<div style=\"text-align: left\" align=\"center\">Acontecer\u00e1 neste domingo, 18 de dezembro, as provas do Processo Seletivo 2012 do Instituto Federal Baiano. Em Valen\u00e7a as provas ser\u00e3o aplicadas no <strong>Col\u00e9gio Estadual Gentil Para\u00edso Martins<\/strong> no Bairro da Gra\u00e7a, enquanto que em Ituber\u00e1 as provas ser\u00e3o no <strong>Col\u00e9gio Estadual Idelzito Eloy de Abreu.<\/strong> Em hip\u00f3tese alguma haver\u00e1 prova fora do local determinado pelo IF Baiano.<\/div>\n<div style=\"text-align: left\" align=\"center\"><\/div>\n<div>Os candidatos dever\u00e3o comparecer ao local de realiza\u00e7\u00e3o das provas com, pelo menos, 30min (trinta minutos) de anteced\u00eancia do hor\u00e1rio previsto para o in\u00edcio das mesmas. Os port\u00f5es de acesso aos locais de realiza\u00e7\u00e3o das provas ser\u00e3o abertos \u00e0s 08h30min e fechados \u00e0s 09h00min, respeitando-se o hor\u00e1rio oficial de Bras\u00edlia.<\/div>\n<div><\/div>\n<div>N\u00e3o ser\u00e1 permitida a entrada de candidatos ap\u00f3s o hor\u00e1rio determinado para o in\u00edcio das provas. O acesso do candidato \u00e0 sala de prova s\u00f3 ser\u00e1 poss\u00edvel mediante a apresenta\u00e7\u00e3o de documento oficial de identifica\u00e7\u00e3o (original), com foto e\u00a0caneta esferogr\u00e1fica de <strong>tinta preta.<\/strong><\/div>\n<div><\/div>\n<div>\u00c9 importante que o candidato acesse o site <strong>concursos.ifbaiano.edu.br<\/strong> e consulte a lista de homologa\u00e7\u00e3o e o local de prova.<\/div>\n<div><\/div>\n","protected":false},"excerpt":{"rendered":"<p>Acontecer\u00e1 neste domingo, 18 de dezembro, as provas do Processo Seletivo 2012 do Instituto Federal Baiano. Em Valen\u00e7a as provas ser\u00e3o aplicadas no Col\u00e9gio Estadual Gentil Para\u00edso Martins no Bairro da Gra\u00e7a, enquanto que em Ituber\u00e1 as provas ser\u00e3o no Col\u00e9gio Estadual Idelzito Eloy de Abreu. Em hip\u00f3tese alguma haver\u00e1 prova fora do local determinado [&hellip;]<\/p>\n","protected":false},"author":6,"featured_media":0,"comment_status":"open","ping_status":"open","sticky":false,"template":"","format":"standard","meta":[],"categories":[5,9],"tags":[],"_links":{"self":[{"href":"https:\/\/www.ifbaiano.edu.br\/unidades\/valenca\/wp-json\/wp\/v2\/posts\/1172"}],"collection":[{"href":"https:\/\/www.ifbaiano.edu.br\/unidades\/valenca\/wp-json\/wp\/v2\/posts"}],"about":[{"href":"https:\/\/www.ifbaiano.edu.br\/unidades\/valenca\/wp-json\/wp\/v2\/types\/post"}],"author":[{"embeddable":true,"href":"https:\/\/www.ifbaiano.edu.br\/unidades\/valenca\/wp-json\/wp\/v2\/users\/6"}],"replies":[{"embeddable":true,"href":"https:\/\/www.ifbaiano.edu.br\/unidades\/valenca\/wp-json\/wp\/v2\/comments?post=1172"}],"version-history":[{"count":2,"href":"https:\/\/www.ifbaiano.edu.br\/unidades\/valenca\/wp-json\/wp\/v2\/posts\/1172\/revisions"}],"predecessor-version":[{"id":1174,"href":"https:\/\/www.ifbaiano.edu.br\/unidades\/valenca\/wp-json\/wp\/v2\/posts\/1172\/revisions\/1174"}],"wp:attachment":[{"href":"https:\/\/www.ifbaiano.edu.br\/unidades\/valenca\/wp-json\/wp\/v2\/media?parent=1172"}],"wp:term":[{"taxonomy":"category","embeddable":true,"href":"https:\/\/www.ifbaiano.edu.br\/unidades\/valenca\/wp-json\/wp\/v2\/categories?post=1172"},{"taxonomy":"post_tag","embeddable":true,"href":"https:\/\/www.ifbaiano.edu.br\/unidades\/valenca\/wp-json\/wp\/v2\/tags?post=1172"}],"curies":[{"name":"wp","href":"https:\/\/api.w.org\/{rel}","templated":true}]}}