{"id":1180,"date":"2011-12-14T17:35:12","date_gmt":"2011-12-14T17:35:12","guid":{"rendered":"http:\/\/www.ifbaiano.edu.br\/unidades\/valenca\/?p=1180"},"modified":"2011-12-14T17:41:05","modified_gmt":"2011-12-14T17:41:05","slug":"reuniao-com-docentes-pais-eou-responsavel-dia-1912-as-15h00min","status":"publish","type":"post","link":"https:\/\/www.ifbaiano.edu.br\/unidades\/valenca\/2011\/12\/14\/reuniao-com-docentes-pais-eou-responsavel-dia-1912-as-15h00min\/","title":{"rendered":"Reuni\u00e3o com pais e\/ou respons\u00e1vel dia 19\/12 \u00e0s 15h00min"},"content":{"rendered":"<p class=\"western\" style=\"margin-bottom: 0cm;line-height: 150%\" align=\"JUSTIFY\"><span><span style=\"font-size: small\">O N\u00facleo de Gest\u00e3o de Ensino do <em>Campus<\/em> Valen\u00e7a convoca a todos os docentes a participarem, no dia 19 de dezembro de 2011, \u00e0s 15h00min, da Reuni\u00e3o de pais e\/ou respons\u00e1vel, que acontecer\u00e1 no espa\u00e7o do audit\u00f3rio. <\/span><\/span><\/p>\n<p class=\"western\" style=\"margin-bottom: 0cm;line-height: 150%\" align=\"JUSTIFY\"><span><span style=\"font-size: small\">Por este motivo as aulas, no per\u00edodo da tarde, ser\u00e3o at\u00e9 \u00e0s 14h45min. <\/span><\/span><\/p>\n<p>&nbsp;<\/p>\n","protected":false},"excerpt":{"rendered":"<p>O N\u00facleo de Gest\u00e3o de Ensino do Campus Valen\u00e7a convoca a todos os docentes a participarem, no dia 19 de dezembro de 2011, \u00e0s 15h00min, da Reuni\u00e3o de pais e\/ou respons\u00e1vel, que acontecer\u00e1 no espa\u00e7o do audit\u00f3rio. Por este motivo as aulas, no per\u00edodo da tarde, ser\u00e3o at\u00e9 \u00e0s 14h45min. &nbsp;<\/p>\n","protected":false},"author":6,"featured_media":0,"comment_status":"open","ping_status":"open","sticky":false,"template":"","format":"standard","meta":[],"categories":[4,10],"tags":[],"_links":{"self":[{"href":"https:\/\/www.ifbaiano.edu.br\/unidades\/valenca\/wp-json\/wp\/v2\/posts\/1180"}],"collection":[{"href":"https:\/\/www.ifbaiano.edu.br\/unidades\/valenca\/wp-json\/wp\/v2\/posts"}],"about":[{"href":"https:\/\/www.ifbaiano.edu.br\/unidades\/valenca\/wp-json\/wp\/v2\/types\/post"}],"author":[{"embeddable":true,"href":"https:\/\/www.ifbaiano.edu.br\/unidades\/valenca\/wp-json\/wp\/v2\/users\/6"}],"replies":[{"embeddable":true,"href":"https:\/\/www.ifbaiano.edu.br\/unidades\/valenca\/wp-json\/wp\/v2\/comments?post=1180"}],"version-history":[{"count":4,"href":"https:\/\/www.ifbaiano.edu.br\/unidades\/valenca\/wp-json\/wp\/v2\/posts\/1180\/revisions"}],"predecessor-version":[{"id":1182,"href":"https:\/\/www.ifbaiano.edu.br\/unidades\/valenca\/wp-json\/wp\/v2\/posts\/1180\/revisions\/1182"}],"wp:attachment":[{"href":"https:\/\/www.ifbaiano.edu.br\/unidades\/valenca\/wp-json\/wp\/v2\/media?parent=1180"}],"wp:term":[{"taxonomy":"category","embeddable":true,"href":"https:\/\/www.ifbaiano.edu.br\/unidades\/valenca\/wp-json\/wp\/v2\/categories?post=1180"},{"taxonomy":"post_tag","embeddable":true,"href":"https:\/\/www.ifbaiano.edu.br\/unidades\/valenca\/wp-json\/wp\/v2\/tags?post=1180"}],"curies":[{"name":"wp","href":"https:\/\/api.w.org\/{rel}","templated":true}]}}