{"id":1186,"date":"2011-12-15T15:31:00","date_gmt":"2011-12-15T15:31:00","guid":{"rendered":"http:\/\/www.ifbaiano.edu.br\/unidades\/valenca\/?p=1186"},"modified":"2011-12-15T15:31:00","modified_gmt":"2011-12-15T15:31:00","slug":"campus-valenca-avalia-area-para-construcao-de-nova-sede","status":"publish","type":"post","link":"https:\/\/www.ifbaiano.edu.br\/unidades\/valenca\/2011\/12\/15\/campus-valenca-avalia-area-para-construcao-de-nova-sede\/","title":{"rendered":"Campus Valen\u00e7a avalia \u00e1rea para constru\u00e7\u00e3o de nova sede"},"content":{"rendered":"<p align=\"JUSTIFY\">Campus Valen\u00e7a avalia \u00e1rea com 52 hectares para constru\u00e7\u00e3o de nova sede. As obras ser\u00e3o realiza\u00e7\u00e3o com a verba de 7 milh\u00f5es de reais libera pelo MEC para amplia\u00e7\u00e3o e reforma da Institui\u00e7\u00e3o.<\/p>\n<p align=\"JUSTIFY\">As novas instala\u00e7\u00f5es preveem a constru\u00e7\u00e3o de laborat\u00f3rios, quadra poliesportiva, \u00e1reas de campo, dentro outras infraestruturas que auxiliar\u00e3o no desenvolvimento de ensino\/pesquisa\/extens\u00e3o.<\/p>\n<p align=\"JUSTIFY\">A previs\u00e3o \u00e9 que em 2013 as atividades j\u00e1 estejam funcionando nas novas instala\u00e7\u00f5es.<\/p>\n","protected":false},"excerpt":{"rendered":"<p>Campus Valen\u00e7a avalia \u00e1rea com 52 hectares para constru\u00e7\u00e3o de nova sede. As obras ser\u00e3o realiza\u00e7\u00e3o com a verba de 7 milh\u00f5es de reais libera pelo MEC para amplia\u00e7\u00e3o e reforma da Institui\u00e7\u00e3o. As novas instala\u00e7\u00f5es preveem a constru\u00e7\u00e3o de laborat\u00f3rios, quadra poliesportiva, \u00e1reas de campo, dentro outras infraestruturas que auxiliar\u00e3o no desenvolvimento de ensino\/pesquisa\/extens\u00e3o. [&hellip;]<\/p>\n","protected":false},"author":6,"featured_media":0,"comment_status":"open","ping_status":"open","sticky":false,"template":"","format":"standard","meta":[],"categories":[31],"tags":[],"_links":{"self":[{"href":"https:\/\/www.ifbaiano.edu.br\/unidades\/valenca\/wp-json\/wp\/v2\/posts\/1186"}],"collection":[{"href":"https:\/\/www.ifbaiano.edu.br\/unidades\/valenca\/wp-json\/wp\/v2\/posts"}],"about":[{"href":"https:\/\/www.ifbaiano.edu.br\/unidades\/valenca\/wp-json\/wp\/v2\/types\/post"}],"author":[{"embeddable":true,"href":"https:\/\/www.ifbaiano.edu.br\/unidades\/valenca\/wp-json\/wp\/v2\/users\/6"}],"replies":[{"embeddable":true,"href":"https:\/\/www.ifbaiano.edu.br\/unidades\/valenca\/wp-json\/wp\/v2\/comments?post=1186"}],"version-history":[{"count":2,"href":"https:\/\/www.ifbaiano.edu.br\/unidades\/valenca\/wp-json\/wp\/v2\/posts\/1186\/revisions"}],"predecessor-version":[{"id":1258,"href":"https:\/\/www.ifbaiano.edu.br\/unidades\/valenca\/wp-json\/wp\/v2\/posts\/1186\/revisions\/1258"}],"wp:attachment":[{"href":"https:\/\/www.ifbaiano.edu.br\/unidades\/valenca\/wp-json\/wp\/v2\/media?parent=1186"}],"wp:term":[{"taxonomy":"category","embeddable":true,"href":"https:\/\/www.ifbaiano.edu.br\/unidades\/valenca\/wp-json\/wp\/v2\/categories?post=1186"},{"taxonomy":"post_tag","embeddable":true,"href":"https:\/\/www.ifbaiano.edu.br\/unidades\/valenca\/wp-json\/wp\/v2\/tags?post=1186"}],"curies":[{"name":"wp","href":"https:\/\/api.w.org\/{rel}","templated":true}]}}