{"id":1191,"date":"2011-12-20T13:08:22","date_gmt":"2011-12-20T13:08:22","guid":{"rendered":"http:\/\/www.ifbaiano.edu.br\/unidades\/valenca\/?p=1191"},"modified":"2011-12-22T12:29:55","modified_gmt":"2011-12-22T12:29:55","slug":"mulheres-lotam-o-auditorio-do-campus-valenca-para-aula-inaugural-do-programa-mulheres-mil","status":"publish","type":"post","link":"https:\/\/www.ifbaiano.edu.br\/unidades\/valenca\/2011\/12\/20\/mulheres-lotam-o-auditorio-do-campus-valenca-para-aula-inaugural-do-programa-mulheres-mil\/","title":{"rendered":"Alunas lotam o audit\u00f3rio do campus Valen\u00e7a para Aula Inaugural do Programa Mulheres Mil"},"content":{"rendered":"<p style=\"text-align: left\" align=\"center\">Aconteceu, nesta ter\u00e7a (20\/12),a Aula Inaugural do <strong>Programa Mulheres Mil do Campus<\/strong> Valen\u00e7a, que tem como sub-projeto o nome de <strong>Valencianas Mil<\/strong>.<\/p>\n<p>Durante a aula, as alunas cantaram ao som de voz e viol\u00e3o, foram apresentadas ao Programa pela Coordenadora Estadual do Projeto, Mercia Xavier; conheceram a equipe de trabalho; e refletiram com a Pedagoga Maria Helena Queiroz sobre a necessidade do \u201cEmpoderamento Feminino na sociedade contempor\u00e2nea\u201d.<\/p>\n<p>As alunas comentam que <em>suas perspectivas s\u00e3o grandes e que est\u00e3o muito felizes de fazerem parte da primeira turma desse grandioso projeto<\/em>.<\/p>\n<p>As aulas do <strong>Curso de Qualifica\u00e7\u00e3o em Economia Social e Dom\u00e9stica<\/strong> <strong>ter\u00e3o in\u00edcio no dia 09 de janeiro de 2012<\/strong>, nos respectivos hor\u00e1rios de cada turma.<\/p>\n","protected":false},"excerpt":{"rendered":"<p>Aconteceu, nesta ter\u00e7a (20\/12),a Aula Inaugural do Programa Mulheres Mil do Campus Valen\u00e7a, que tem como sub-projeto o nome de Valencianas Mil. Durante a aula, as alunas cantaram ao som de voz e viol\u00e3o, foram apresentadas ao Programa pela Coordenadora Estadual do Projeto, Mercia Xavier; conheceram a equipe de trabalho; e refletiram com a Pedagoga [&hellip;]<\/p>\n","protected":false},"author":6,"featured_media":0,"comment_status":"open","ping_status":"open","sticky":false,"template":"","format":"standard","meta":[],"categories":[5],"tags":[],"_links":{"self":[{"href":"https:\/\/www.ifbaiano.edu.br\/unidades\/valenca\/wp-json\/wp\/v2\/posts\/1191"}],"collection":[{"href":"https:\/\/www.ifbaiano.edu.br\/unidades\/valenca\/wp-json\/wp\/v2\/posts"}],"about":[{"href":"https:\/\/www.ifbaiano.edu.br\/unidades\/valenca\/wp-json\/wp\/v2\/types\/post"}],"author":[{"embeddable":true,"href":"https:\/\/www.ifbaiano.edu.br\/unidades\/valenca\/wp-json\/wp\/v2\/users\/6"}],"replies":[{"embeddable":true,"href":"https:\/\/www.ifbaiano.edu.br\/unidades\/valenca\/wp-json\/wp\/v2\/comments?post=1191"}],"version-history":[{"count":6,"href":"https:\/\/www.ifbaiano.edu.br\/unidades\/valenca\/wp-json\/wp\/v2\/posts\/1191\/revisions"}],"predecessor-version":[{"id":1193,"href":"https:\/\/www.ifbaiano.edu.br\/unidades\/valenca\/wp-json\/wp\/v2\/posts\/1191\/revisions\/1193"}],"wp:attachment":[{"href":"https:\/\/www.ifbaiano.edu.br\/unidades\/valenca\/wp-json\/wp\/v2\/media?parent=1191"}],"wp:term":[{"taxonomy":"category","embeddable":true,"href":"https:\/\/www.ifbaiano.edu.br\/unidades\/valenca\/wp-json\/wp\/v2\/categories?post=1191"},{"taxonomy":"post_tag","embeddable":true,"href":"https:\/\/www.ifbaiano.edu.br\/unidades\/valenca\/wp-json\/wp\/v2\/tags?post=1191"}],"curies":[{"name":"wp","href":"https:\/\/api.w.org\/{rel}","templated":true}]}}