{"id":1199,"date":"2011-12-22T12:25:29","date_gmt":"2011-12-22T12:25:29","guid":{"rendered":"http:\/\/www.ifbaiano.edu.br\/unidades\/valenca\/?p=1199"},"modified":"2011-12-22T12:25:29","modified_gmt":"2011-12-22T12:25:29","slug":"campus-valenca-desenvolve-programa-ambiental-de-coleta-seletiva-compostagem-e-horta-agroecologica","status":"publish","type":"post","link":"https:\/\/www.ifbaiano.edu.br\/unidades\/valenca\/2011\/12\/22\/campus-valenca-desenvolve-programa-ambiental-de-coleta-seletiva-compostagem-e-horta-agroecologica\/","title":{"rendered":"Campus Valen\u00e7a desenvolve Programa Ambiental de Coleta Seletiva, Compostagem e Horta Agroecol\u00f3gica"},"content":{"rendered":"<p>Campus Valen\u00e7a desenvolve o \u201cPrograma Ambiental de Coleta Seletiva, Compostagem e Horta Agroecol\u00f3gica\u201d. No \u00faltimo dia 21 de dezembro, o catador M\u00e1rio apresentou uma palestra para funcion\u00e1rios e alunos do Campus sobre as dificuldades e possibilidades quanto a esta tem\u00e1tica.<\/p>\n<p>Para o desenvolvimento das atividades o Instituto \u201cadotou\u201d um catador de mat\u00e9rias recicl\u00e1veis que mensalmente visitar\u00e1 o Campus para coletar o material. J\u00e1 o material org\u00e2nico compostado ser\u00e1 para posterior constru\u00e7\u00e3o de canteiros para cultivo e experimentos.<\/p>\n<p>O trabalho \u00e9 desenvolvido por alunos do curso de Meio Ambiente (Juliana, Gilson e Safira) sob a coordena\u00e7\u00e3o do prof. Fl\u00e1vio Barony, e conta com o apoio da equipe do refeit\u00f3rio.<\/p>\n<p>&nbsp;<\/p>\n","protected":false},"excerpt":{"rendered":"<p>Campus Valen\u00e7a desenvolve o \u201cPrograma Ambiental de Coleta Seletiva, Compostagem e Horta Agroecol\u00f3gica\u201d. No \u00faltimo dia 21 de dezembro, o catador M\u00e1rio apresentou uma palestra para funcion\u00e1rios e alunos do Campus sobre as dificuldades e possibilidades quanto a esta tem\u00e1tica. Para o desenvolvimento das atividades o Instituto \u201cadotou\u201d um catador de mat\u00e9rias recicl\u00e1veis que mensalmente [&hellip;]<\/p>\n","protected":false},"author":6,"featured_media":0,"comment_status":"open","ping_status":"open","sticky":false,"template":"","format":"standard","meta":[],"categories":[5],"tags":[],"_links":{"self":[{"href":"https:\/\/www.ifbaiano.edu.br\/unidades\/valenca\/wp-json\/wp\/v2\/posts\/1199"}],"collection":[{"href":"https:\/\/www.ifbaiano.edu.br\/unidades\/valenca\/wp-json\/wp\/v2\/posts"}],"about":[{"href":"https:\/\/www.ifbaiano.edu.br\/unidades\/valenca\/wp-json\/wp\/v2\/types\/post"}],"author":[{"embeddable":true,"href":"https:\/\/www.ifbaiano.edu.br\/unidades\/valenca\/wp-json\/wp\/v2\/users\/6"}],"replies":[{"embeddable":true,"href":"https:\/\/www.ifbaiano.edu.br\/unidades\/valenca\/wp-json\/wp\/v2\/comments?post=1199"}],"version-history":[{"count":1,"href":"https:\/\/www.ifbaiano.edu.br\/unidades\/valenca\/wp-json\/wp\/v2\/posts\/1199\/revisions"}],"predecessor-version":[{"id":1200,"href":"https:\/\/www.ifbaiano.edu.br\/unidades\/valenca\/wp-json\/wp\/v2\/posts\/1199\/revisions\/1200"}],"wp:attachment":[{"href":"https:\/\/www.ifbaiano.edu.br\/unidades\/valenca\/wp-json\/wp\/v2\/media?parent=1199"}],"wp:term":[{"taxonomy":"category","embeddable":true,"href":"https:\/\/www.ifbaiano.edu.br\/unidades\/valenca\/wp-json\/wp\/v2\/categories?post=1199"},{"taxonomy":"post_tag","embeddable":true,"href":"https:\/\/www.ifbaiano.edu.br\/unidades\/valenca\/wp-json\/wp\/v2\/tags?post=1199"}],"curies":[{"name":"wp","href":"https:\/\/api.w.org\/{rel}","templated":true}]}}