{"id":1202,"date":"2011-12-22T12:33:18","date_gmt":"2011-12-22T12:33:18","guid":{"rendered":"http:\/\/www.ifbaiano.edu.br\/unidades\/valenca\/?p=1202"},"modified":"2011-12-22T12:54:11","modified_gmt":"2011-12-22T12:54:11","slug":"professores-do-campus-valenca-estao-com-a-iniciativa-de-arrecadar-fundos-para-aquisicao-de-uma-tv-e-dvd-para-a-comunidade-do-gereba","status":"publish","type":"post","link":"https:\/\/www.ifbaiano.edu.br\/unidades\/valenca\/2011\/12\/22\/professores-do-campus-valenca-estao-com-a-iniciativa-de-arrecadar-fundos-para-aquisicao-de-uma-tv-e-dvd-para-a-comunidade-do-gereba\/","title":{"rendered":"Professores do Campus Valen\u00e7a est\u00e3o com a iniciativa de arrecadar fundos para aquisi\u00e7\u00e3o de uma TV e DVD para a comunidade do Gereba"},"content":{"rendered":"<p>\u00a0Professores do Campus Valen\u00e7a est\u00e3o com a iniciativa de arrecadar fundos para aquisi\u00e7\u00e3o de uma TV e DVD para a comunidade do Gereba, em Valen\u00e7a. Essa arrecada\u00e7\u00e3o foi motivada durante uma visita dos professores do Instituto, que constataram que as escolas da comunidade n\u00e3o disp\u00f5em de nenhuma TV ou DVD, sendo que as s\u00e9ries iniciais de ensino (1\u00b0 ao 5\u00b0 anos) se desenvolvem em \u00fanica sala.<\/p>\n<p>Nesse sentido, e sensibilizados com o depoimento de professores da comunidade local que se esfor\u00e7am no sentido de fazer o melhor pelos alunos, prop\u00f5e-se \u00e0 comunidade escolar do Campus Valen\u00e7a: Contribui\u00e7\u00e3o volunt\u00e1ria de R$10,00 ou 20,00 at\u00e9 o dia 01 de Mar\u00e7o de 2012, de forma a adquirir uma TV e um DVD para o uso destes alunos. Tais equipamentos ficariam em uma das escolas e como h\u00e1 ve\u00edculo para transporte dos mesmos, isso facilitaria o acesso a este \u201cponto \u00fanico\u201d.<\/p>\n<p>\u00a0Al\u00e9m disso, o Esp\u00edrito Natalino deve ser PERENE! Caso tenha interesse em contribuir procure por um dos professores: Fl\u00e1vio, Dacilton, Elielma, Paulo, Carla e Wellington.<\/p>\n<p style=\"text-align: right\">Por: Fl\u00e1vio Barony<\/p>\n","protected":false},"excerpt":{"rendered":"<p>\u00a0Professores do Campus Valen\u00e7a est\u00e3o com a iniciativa de arrecadar fundos para aquisi\u00e7\u00e3o de uma TV e DVD para a comunidade do Gereba, em Valen\u00e7a. Essa arrecada\u00e7\u00e3o foi motivada durante uma visita dos professores do Instituto, que constataram que as escolas da comunidade n\u00e3o disp\u00f5em de nenhuma TV ou DVD, sendo que as s\u00e9ries iniciais [&hellip;]<\/p>\n","protected":false},"author":6,"featured_media":0,"comment_status":"open","ping_status":"open","sticky":false,"template":"","format":"standard","meta":[],"categories":[10],"tags":[],"_links":{"self":[{"href":"https:\/\/www.ifbaiano.edu.br\/unidades\/valenca\/wp-json\/wp\/v2\/posts\/1202"}],"collection":[{"href":"https:\/\/www.ifbaiano.edu.br\/unidades\/valenca\/wp-json\/wp\/v2\/posts"}],"about":[{"href":"https:\/\/www.ifbaiano.edu.br\/unidades\/valenca\/wp-json\/wp\/v2\/types\/post"}],"author":[{"embeddable":true,"href":"https:\/\/www.ifbaiano.edu.br\/unidades\/valenca\/wp-json\/wp\/v2\/users\/6"}],"replies":[{"embeddable":true,"href":"https:\/\/www.ifbaiano.edu.br\/unidades\/valenca\/wp-json\/wp\/v2\/comments?post=1202"}],"version-history":[{"count":3,"href":"https:\/\/www.ifbaiano.edu.br\/unidades\/valenca\/wp-json\/wp\/v2\/posts\/1202\/revisions"}],"predecessor-version":[{"id":1210,"href":"https:\/\/www.ifbaiano.edu.br\/unidades\/valenca\/wp-json\/wp\/v2\/posts\/1202\/revisions\/1210"}],"wp:attachment":[{"href":"https:\/\/www.ifbaiano.edu.br\/unidades\/valenca\/wp-json\/wp\/v2\/media?parent=1202"}],"wp:term":[{"taxonomy":"category","embeddable":true,"href":"https:\/\/www.ifbaiano.edu.br\/unidades\/valenca\/wp-json\/wp\/v2\/categories?post=1202"},{"taxonomy":"post_tag","embeddable":true,"href":"https:\/\/www.ifbaiano.edu.br\/unidades\/valenca\/wp-json\/wp\/v2\/tags?post=1202"}],"curies":[{"name":"wp","href":"https:\/\/api.w.org\/{rel}","templated":true}]}}