{"id":1214,"date":"2012-01-03T18:16:11","date_gmt":"2012-01-03T18:16:11","guid":{"rendered":"http:\/\/www.ifbaiano.edu.br\/unidades\/valenca\/?p=1214"},"modified":"2012-01-03T18:16:11","modified_gmt":"2012-01-03T18:16:11","slug":"if-baiano-lanca-processo-seletivo-para-cursos-tecnicos-a-distancia-em-24-cidades","status":"publish","type":"post","link":"https:\/\/www.ifbaiano.edu.br\/unidades\/valenca\/2012\/01\/03\/if-baiano-lanca-processo-seletivo-para-cursos-tecnicos-a-distancia-em-24-cidades\/","title":{"rendered":"IF Baiano lan\u00e7a Processo Seletivo para cursos t\u00e9cnicos a dist\u00e2ncia em 24 cidades"},"content":{"rendered":"<p>No dia<strong> 26 de dezembro<\/strong> ser\u00e1 iniciado o Processo Seletivo para os novos cursos t\u00e9cnicos a dist\u00e2ncia na modalidade subsequente (curso para quem j\u00e1 concluiu o ensino m\u00e9dio) do IF Baiano. As inscri\u00e7\u00f5es ser\u00e3o realizadas, gratuitamente, <strong>at\u00e9 o dia 16 de janeiro<\/strong>, atrav\u00e9s do endere\u00e7o eletr\u00f4nico <a href=\"http:\/\/concursos.ifbaiano.edu.br\/\" rel=\"external\">http:\/\/concursos.ifbaiano.edu.br\/<\/a> <sup>[1]<\/sup>. S\u00e3o mais de 950 vagas nos cursos t\u00e9cnicos de Administra\u00e7\u00e3o; Servi\u00e7os P\u00fablicos; e Eventos.<\/p>\n<p>O Processo Seletivo ser\u00e1 realizado em uma \u00fanica fase e corresponde \u00e0 avalia\u00e7\u00e3o curricular do Ensino M\u00e9dio nas disciplinas de L\u00edngua Portuguesa e Matem\u00e1tica. Os estudantes aprovados come\u00e7am as aulas no primeiro semestre de 2012. 24 cidades espalhadas por toda a Bahia sediam os cursos a dist\u00e2ncia. Confira a lista no edital.<\/p>\n<p>O Curso <strong>T\u00e9cnico em Administra\u00e7\u00e3o<\/strong> tem como base o planejamento e dire\u00e7\u00e3o das atividades organizacionais de empresas p\u00fablicas, privadas e do Terceiro Setor. Baseado nos ideais de sustentabilidade e empreendedorismo, o profissional formado atua no campo da gest\u00e3o, tendo contato com estat\u00edstica, economia e relacionamento empresarial.<\/p>\n<p>O Curso <strong>T\u00e9cnico em Servi\u00e7os P\u00fablicos<\/strong> faz parte do eixo de Gest\u00e3o e Neg\u00f3cios. O profissional ter\u00e1 como campo de trabalho o setor de servi\u00e7os p\u00fablicos. Os estudantes ser\u00e3o capacitados para entender o planejamento estrat\u00e9gico de estruturas organizacionais, sendo capacitados para intervir nesses cen\u00e1rios.<\/p>\n<p>Al\u00e9m desses dois, o curso <strong>T\u00e9cnico em Eventos<\/strong> tamb\u00e9m foi aprovado pelo Conselho Superior.\u00a0 O perfil do curso \u00e9 a forma\u00e7\u00e3o de profissionais capacitados para atuar junto \u00e0 organiza\u00e7\u00e3o e gest\u00e3o de eventos em empresas p\u00fablicas e privadas. O foco dessa habilita\u00e7\u00e3o \u00e9 a hospitalidade e o lazer. O estudante \u00e9 educado para ter uma vis\u00e3o estrat\u00e9gica e executiva, sendo capaz de identificar a necessidade de investimentos, materiais f\u00edsicos e humanos para a realiza\u00e7\u00e3o de eventos diversos.<\/p>\n<p>Todos os cursos ser\u00e3o ministrados pelo Instituto Federal do Paran\u00e1, por meio da tecnologia do Ensino a Dist\u00e2ncia.<\/p>\n<p>Confira o Edital o edital do Processo Seletivo desses cursos em <a href=\"http:\/\/concursos.ifbaiano.edu.br\/\" rel=\"external\">http:\/\/concursos.ifbaiano.edu.br\/<\/a> <sup>[1]<\/sup>.<\/p>\n<p><strong>IF Baiano<\/strong> \u2013 O Instituto Federal de Educa\u00e7\u00e3o, Ci\u00eancia e Tecnologia Baiano (IF Baiano) foi criado em 2008 e \u00e9 uma institui\u00e7\u00e3o de ensino m\u00e9dio e superior, focado na Educa\u00e7\u00e3o Profissional e Tecnol\u00f3gica. Agrega as antigas Escolas Agrot\u00e9cnicas Federais (de Catu, Senhor do Bonfim, Santa In\u00eas e Guanambi) e as Escolas M\u00e9dias de Agropecu\u00e1ria Regionais da Ceplac (EMARC de Valen\u00e7a, Uru\u00e7uca, Itapetinga e Teixeira de Freitas), mais os novos <em>campi<\/em> de Bom Jesus da Lapa e Governador Mangabeira.<\/p>\n<p><strong>O qu\u00ea?<\/strong> Inscri\u00e7\u00f5es no Processo Seletivo para <strong>cursos t\u00e9cnicos a dist\u00e2ncia<\/strong> do IF Baiano<\/p>\n<p><strong>Quando?<\/strong> De 26 de dezembro de 2011 a 16 de janeiro de 2012<\/p>\n<p><strong>Onde?<\/strong> <a href=\"http:\/\/concursos.ifbaiano.edu.br\/\" rel=\"external\">http:\/\/concursos.ifbaiano.edu.br\/<\/a> <sup>[1]<\/sup><\/p>\n","protected":false},"excerpt":{"rendered":"<p>No dia 26 de dezembro ser\u00e1 iniciado o Processo Seletivo para os novos cursos t\u00e9cnicos a dist\u00e2ncia na modalidade subsequente (curso para quem j\u00e1 concluiu o ensino m\u00e9dio) do IF Baiano. As inscri\u00e7\u00f5es ser\u00e3o realizadas, gratuitamente, at\u00e9 o dia 16 de janeiro, atrav\u00e9s do endere\u00e7o eletr\u00f4nico http:\/\/concursos.ifbaiano.edu.br\/ [1]. S\u00e3o mais de 950 vagas nos cursos [&hellip;]<\/p>\n","protected":false},"author":6,"featured_media":0,"comment_status":"open","ping_status":"open","sticky":false,"template":"","format":"standard","meta":[],"categories":[5],"tags":[],"_links":{"self":[{"href":"https:\/\/www.ifbaiano.edu.br\/unidades\/valenca\/wp-json\/wp\/v2\/posts\/1214"}],"collection":[{"href":"https:\/\/www.ifbaiano.edu.br\/unidades\/valenca\/wp-json\/wp\/v2\/posts"}],"about":[{"href":"https:\/\/www.ifbaiano.edu.br\/unidades\/valenca\/wp-json\/wp\/v2\/types\/post"}],"author":[{"embeddable":true,"href":"https:\/\/www.ifbaiano.edu.br\/unidades\/valenca\/wp-json\/wp\/v2\/users\/6"}],"replies":[{"embeddable":true,"href":"https:\/\/www.ifbaiano.edu.br\/unidades\/valenca\/wp-json\/wp\/v2\/comments?post=1214"}],"version-history":[{"count":2,"href":"https:\/\/www.ifbaiano.edu.br\/unidades\/valenca\/wp-json\/wp\/v2\/posts\/1214\/revisions"}],"predecessor-version":[{"id":1217,"href":"https:\/\/www.ifbaiano.edu.br\/unidades\/valenca\/wp-json\/wp\/v2\/posts\/1214\/revisions\/1217"}],"wp:attachment":[{"href":"https:\/\/www.ifbaiano.edu.br\/unidades\/valenca\/wp-json\/wp\/v2\/media?parent=1214"}],"wp:term":[{"taxonomy":"category","embeddable":true,"href":"https:\/\/www.ifbaiano.edu.br\/unidades\/valenca\/wp-json\/wp\/v2\/categories?post=1214"},{"taxonomy":"post_tag","embeddable":true,"href":"https:\/\/www.ifbaiano.edu.br\/unidades\/valenca\/wp-json\/wp\/v2\/tags?post=1214"}],"curies":[{"name":"wp","href":"https:\/\/api.w.org\/{rel}","templated":true}]}}