{"id":1218,"date":"2012-01-03T19:15:24","date_gmt":"2012-01-03T19:15:24","guid":{"rendered":"http:\/\/www.ifbaiano.edu.br\/unidades\/valenca\/?p=1218"},"modified":"2012-01-03T20:21:15","modified_gmt":"2012-01-03T20:21:15","slug":"o-gremios-estudantil-felicita-a-comunidade-do-if-baiano-campus-valenca","status":"publish","type":"post","link":"https:\/\/www.ifbaiano.edu.br\/unidades\/valenca\/2012\/01\/03\/o-gremios-estudantil-felicita-a-comunidade-do-if-baiano-campus-valenca\/","title":{"rendered":"O Gr\u00eamios Estudantil Felicita a Comunidade do IF Baiano Campus Valen\u00e7a"},"content":{"rendered":"<p><strong><em><a href=\"http:\/\/www.ifbaiano.edu.br\/unidades\/valenca\/files\/2012\/01\/Homenagem_aos_Servidores11.pdf\">Felicita\u00e7\u00f5es aos Servidores do IF Baiano Campus Valen\u00e7a<\/a><\/em><\/strong><\/p>\n","protected":false},"excerpt":{"rendered":"<p>Felicita\u00e7\u00f5es aos Servidores do IF Baiano Campus Valen\u00e7a<\/p>\n","protected":false},"author":6,"featured_media":0,"comment_status":"open","ping_status":"open","sticky":false,"template":"","format":"standard","meta":[],"categories":[1],"tags":[],"_links":{"self":[{"href":"https:\/\/www.ifbaiano.edu.br\/unidades\/valenca\/wp-json\/wp\/v2\/posts\/1218"}],"collection":[{"href":"https:\/\/www.ifbaiano.edu.br\/unidades\/valenca\/wp-json\/wp\/v2\/posts"}],"about":[{"href":"https:\/\/www.ifbaiano.edu.br\/unidades\/valenca\/wp-json\/wp\/v2\/types\/post"}],"author":[{"embeddable":true,"href":"https:\/\/www.ifbaiano.edu.br\/unidades\/valenca\/wp-json\/wp\/v2\/users\/6"}],"replies":[{"embeddable":true,"href":"https:\/\/www.ifbaiano.edu.br\/unidades\/valenca\/wp-json\/wp\/v2\/comments?post=1218"}],"version-history":[{"count":2,"href":"https:\/\/www.ifbaiano.edu.br\/unidades\/valenca\/wp-json\/wp\/v2\/posts\/1218\/revisions"}],"predecessor-version":[{"id":1228,"href":"https:\/\/www.ifbaiano.edu.br\/unidades\/valenca\/wp-json\/wp\/v2\/posts\/1218\/revisions\/1228"}],"wp:attachment":[{"href":"https:\/\/www.ifbaiano.edu.br\/unidades\/valenca\/wp-json\/wp\/v2\/media?parent=1218"}],"wp:term":[{"taxonomy":"category","embeddable":true,"href":"https:\/\/www.ifbaiano.edu.br\/unidades\/valenca\/wp-json\/wp\/v2\/categories?post=1218"},{"taxonomy":"post_tag","embeddable":true,"href":"https:\/\/www.ifbaiano.edu.br\/unidades\/valenca\/wp-json\/wp\/v2\/tags?post=1218"}],"curies":[{"name":"wp","href":"https:\/\/api.w.org\/{rel}","templated":true}]}}