{"id":1229,"date":"2012-01-16T21:21:23","date_gmt":"2012-01-16T21:21:23","guid":{"rendered":"http:\/\/www.ifbaiano.edu.br\/unidades\/valenca\/?p=1229"},"modified":"2012-02-07T12:52:46","modified_gmt":"2012-02-07T12:52:46","slug":"chamada-da-propes-para-publicacao-de-artigos-cientificos-no-1%c2%ba-caderno-de-ic-do-if-baiano","status":"publish","type":"post","link":"https:\/\/www.ifbaiano.edu.br\/unidades\/valenca\/2012\/01\/16\/chamada-da-propes-para-publicacao-de-artigos-cientificos-no-1%c2%ba-caderno-de-ic-do-if-baiano\/","title":{"rendered":"Chamada da PROPES para publica\u00e7\u00e3o de artigos cient\u00edficos no 1\u00ba caderno de IC do IF Baiano"},"content":{"rendered":"<p>A PROPES convida alunos interessados em publicarem artigos cient\u00edficos no 1\u00ba Caderno de Inicia\u00e7\u00e3o Cient\u00edfica que estar\u00e1 disponibilizado no s\u00edtio eletr\u00f4nico.<\/p>\n<p>Os artigos dever\u00e3o ser enviados at\u00e9 o dia<strong> 29 de fevereiro de 2012<\/strong> para o email <a href=\"mailto:prpi@ifbaiano.edu.br\">prpi@ifbaiano.edu.br<\/a> <sup>[1]<\/sup><\/p>\n<p>Os artigos dever\u00e3o seguir as orienta\u00e7\u00f5es em anexo.<\/p>\n<p><strong>Confira<\/strong>\u00a0<a href=\"http:\/\/www.ifbaiano.edu.br\/portal\/wp-content\/uploads\/2012\/01\/memorando-05-2012-propes.pdf\">AQUI<\/a>\u00a0 \u00a0as orienta\u00e7\u00f5es<\/p>\n","protected":false},"excerpt":{"rendered":"<p>A PROPES convida alunos interessados em publicarem artigos cient\u00edficos no 1\u00ba Caderno de Inicia\u00e7\u00e3o Cient\u00edfica que estar\u00e1 disponibilizado no s\u00edtio eletr\u00f4nico. Os artigos dever\u00e3o ser enviados at\u00e9 o dia 29 de fevereiro de 2012 para o email prpi@ifbaiano.edu.br [1] Os artigos dever\u00e3o seguir as orienta\u00e7\u00f5es em anexo. Confira\u00a0AQUI\u00a0 \u00a0as orienta\u00e7\u00f5es<\/p>\n","protected":false},"author":6,"featured_media":0,"comment_status":"open","ping_status":"open","sticky":false,"template":"","format":"standard","meta":[],"categories":[5],"tags":[],"_links":{"self":[{"href":"https:\/\/www.ifbaiano.edu.br\/unidades\/valenca\/wp-json\/wp\/v2\/posts\/1229"}],"collection":[{"href":"https:\/\/www.ifbaiano.edu.br\/unidades\/valenca\/wp-json\/wp\/v2\/posts"}],"about":[{"href":"https:\/\/www.ifbaiano.edu.br\/unidades\/valenca\/wp-json\/wp\/v2\/types\/post"}],"author":[{"embeddable":true,"href":"https:\/\/www.ifbaiano.edu.br\/unidades\/valenca\/wp-json\/wp\/v2\/users\/6"}],"replies":[{"embeddable":true,"href":"https:\/\/www.ifbaiano.edu.br\/unidades\/valenca\/wp-json\/wp\/v2\/comments?post=1229"}],"version-history":[{"count":5,"href":"https:\/\/www.ifbaiano.edu.br\/unidades\/valenca\/wp-json\/wp\/v2\/posts\/1229\/revisions"}],"predecessor-version":[{"id":1382,"href":"https:\/\/www.ifbaiano.edu.br\/unidades\/valenca\/wp-json\/wp\/v2\/posts\/1229\/revisions\/1382"}],"wp:attachment":[{"href":"https:\/\/www.ifbaiano.edu.br\/unidades\/valenca\/wp-json\/wp\/v2\/media?parent=1229"}],"wp:term":[{"taxonomy":"category","embeddable":true,"href":"https:\/\/www.ifbaiano.edu.br\/unidades\/valenca\/wp-json\/wp\/v2\/categories?post=1229"},{"taxonomy":"post_tag","embeddable":true,"href":"https:\/\/www.ifbaiano.edu.br\/unidades\/valenca\/wp-json\/wp\/v2\/tags?post=1229"}],"curies":[{"name":"wp","href":"https:\/\/api.w.org\/{rel}","templated":true}]}}