{"id":1232,"date":"2012-01-16T21:25:07","date_gmt":"2012-01-16T21:25:07","guid":{"rendered":"http:\/\/www.ifbaiano.edu.br\/unidades\/valenca\/?p=1232"},"modified":"2012-02-07T12:52:46","modified_gmt":"2012-02-07T12:52:46","slug":"abertas-inscricoes-para-tecnologos-sanduiche-no-canada","status":"publish","type":"post","link":"https:\/\/www.ifbaiano.edu.br\/unidades\/valenca\/2012\/01\/16\/abertas-inscricoes-para-tecnologos-sanduiche-no-canada\/","title":{"rendered":"Abertas inscri\u00e7\u00f5es para tecn\u00f3logos-sandu\u00edche no Canad\u00e1"},"content":{"rendered":"<p>Estudantes pr\u00e9-selecionados pelas institui\u00e7\u00f5es da Rede Federal de Educa\u00e7\u00e3o Profissional, Cient\u00edfica e Tecnol\u00f3gica t\u00eam at\u00e9 o dia 17 de fevereiro para acessar o formul\u00e1rio de inscri\u00e7\u00e3o, dispon\u00edvel no site do programa Ci\u00eancia sem Fronteiras (<a href=\"http:\/\/www.cienciasemfronteiras.gov.br\/\" target=\"_blank\">www.cienciasemfronteiras.gov.br<\/a>), e enviar a documenta\u00e7\u00e3o necess\u00e1ria. Em 2012, at\u00e9 500 estudantes receber\u00e3o bolsa e ter\u00e3o oportunidade de cursar disciplinas e estagiar em institui\u00e7\u00f5es canadenses.<\/p>\n<p>Para se candidatar, \u00e9 necess\u00e1rio atender aos requisitos especificados no edital, que incluem profici\u00eancias em l\u00edngua inglesa ou francesa, em n\u00edvel intermedi\u00e1rio. As candidaturas s\u00e3o para alunos de cursos superiores de tecnologia nas seguintes \u00e1reas tem\u00e1ticas: Controle e Processos Industriais, Informa\u00e7\u00e3o e Comunica\u00e7\u00e3o, Produ\u00e7\u00e3o Industrial, Infraestrutura, Tecnologia de Defesa, Produ\u00e7\u00e3o Aliment\u00edcia, Design de Produto, Recursos Naturais, Tecnologia de Seguran\u00e7a P\u00fablica e Sa\u00fade.<\/p>\n<p>A perman\u00eancia do aluno no pa\u00eds de destino ser\u00e1 custeada pelo Programa Ci\u00eancia sem Fronteiras, que arcar\u00e1 com os custos referentes \u00e0s taxas escolares, seguro sa\u00fade, alojamento e refei\u00e7\u00f5es oferecidos pelas institui\u00e7\u00f5es canadenses. Ser\u00e3o concedidos aux\u00edlios mensais para despesas pessoais (US$ 300,00) e aux\u00edlio deslocamento ou passagem a\u00e9rea (Brasil\/Canad\u00e1\/Brasil). Caso a institui\u00e7\u00e3o canadense n\u00e3o ofere\u00e7a alojamento e refei\u00e7\u00f5es, ser\u00e3o pagos os custos das taxas escolares e ainda ser\u00e1 concedida bolsa no valor de US$ 870 mensais. Se desistir do curso, o estudante dever\u00e1 ressarcir o governo brasileiro.<\/p>\n<p>O interc\u00e2mbio ser\u00e1 realizado pelo per\u00edodo de 12 meses, sendo tr\u00eas meses para aperfei\u00e7oamento no idioma (ingl\u00eas ou franc\u00eas), seis meses dedicados aos estudos em tempo integral e at\u00e9 tr\u00eas meses para est\u00e1gio de pesquisa ou inova\u00e7\u00e3o tecnol\u00f3gica em ind\u00fastria, centro de pesquisa ou laborat\u00f3rio da pr\u00f3pria institui\u00e7\u00e3o de ensino.<\/p>\n<p><strong>Inscri\u00e7\u00f5es \u2013<\/strong> as inscri\u00e7\u00f5es ser\u00e3o realizadas no per\u00edodo de 10 de janeiro a 17 de fevereiro. De acordo com o edital, o candidato dever\u00e1 realizar a inscri\u00e7\u00e3o no site do programa Ci\u00eancia sem Fronteiras e enviar a documenta\u00e7\u00e3o necess\u00e1ria somente depois de pr\u00e9-selecionado pela institui\u00e7\u00e3o da Rede. O resultado ser\u00e1 divulgado no dia 17 de abril.<\/p>\n<p><strong>Ci\u00eancia sem Fronteiras \u2013 <\/strong>o programa \u00e9 uma iniciativa do governo federal que busca promover a consolida\u00e7\u00e3o, expans\u00e3o e internacionaliza\u00e7\u00e3o da ci\u00eancia e tecnologia, da inova\u00e7\u00e3o e da competitividade brasileira por meio do interc\u00e2mbio de alunos de gradua\u00e7\u00e3o e p\u00f3s-gradua\u00e7\u00e3o e da mobilidade internacional. O projeto prev\u00ea a concess\u00e3o de at\u00e9 75 mil bolsas de estudo no exterior em quatro anos.<\/p>\n<p>O Ci\u00eancia sem Fronteiras \u00e9 coordenado pelo Minist\u00e9rio da Ci\u00eancia, Tecnologia e Inova\u00e7\u00e3o (MCTI), Minist\u00e9rio da Educa\u00e7\u00e3o (MEC), por meio do Conselho Nacional de Desenvolvimento Cient\u00edfico e Tecnol\u00f3gico (CNPq) e da Coordena\u00e7\u00e3o de Aperfei\u00e7oamento de Pessoal de N\u00edvel Superior (Capes), respectivamente. No caso do edital espec\u00edfico para as institui\u00e7\u00f5es da Rede Federal de Educa\u00e7\u00e3o Profissional e Tecnol\u00f3gica, o programa conta com o apoio da Association of Canadian Community Colleges (ACCC).<\/p>\n<p>Mais informa\u00e7\u00f5es no portal do Programa Ci\u00eancia sem Fronteiras (<a href=\"http:\/\/www.cienciasemfronteiras.gov.br\/\" target=\"_blank\">www.cienciasemfronteiras.gov.br<\/a>).<\/p>\n<p><em>Com informa\u00e7\u00f5es da Assessoria de Comunica\u00e7\u00e3o Social do MEC<\/em><\/p>\n","protected":false},"excerpt":{"rendered":"<p>Estudantes pr\u00e9-selecionados pelas institui\u00e7\u00f5es da Rede Federal de Educa\u00e7\u00e3o Profissional, Cient\u00edfica e Tecnol\u00f3gica t\u00eam at\u00e9 o dia 17 de fevereiro para acessar o formul\u00e1rio de inscri\u00e7\u00e3o, dispon\u00edvel no site do programa Ci\u00eancia sem Fronteiras (www.cienciasemfronteiras.gov.br), e enviar a documenta\u00e7\u00e3o necess\u00e1ria. Em 2012, at\u00e9 500 estudantes receber\u00e3o bolsa e ter\u00e3o oportunidade de cursar disciplinas e estagiar [&hellip;]<\/p>\n","protected":false},"author":6,"featured_media":0,"comment_status":"open","ping_status":"open","sticky":false,"template":"","format":"standard","meta":[],"categories":[30],"tags":[],"_links":{"self":[{"href":"https:\/\/www.ifbaiano.edu.br\/unidades\/valenca\/wp-json\/wp\/v2\/posts\/1232"}],"collection":[{"href":"https:\/\/www.ifbaiano.edu.br\/unidades\/valenca\/wp-json\/wp\/v2\/posts"}],"about":[{"href":"https:\/\/www.ifbaiano.edu.br\/unidades\/valenca\/wp-json\/wp\/v2\/types\/post"}],"author":[{"embeddable":true,"href":"https:\/\/www.ifbaiano.edu.br\/unidades\/valenca\/wp-json\/wp\/v2\/users\/6"}],"replies":[{"embeddable":true,"href":"https:\/\/www.ifbaiano.edu.br\/unidades\/valenca\/wp-json\/wp\/v2\/comments?post=1232"}],"version-history":[{"count":3,"href":"https:\/\/www.ifbaiano.edu.br\/unidades\/valenca\/wp-json\/wp\/v2\/posts\/1232\/revisions"}],"predecessor-version":[{"id":1381,"href":"https:\/\/www.ifbaiano.edu.br\/unidades\/valenca\/wp-json\/wp\/v2\/posts\/1232\/revisions\/1381"}],"wp:attachment":[{"href":"https:\/\/www.ifbaiano.edu.br\/unidades\/valenca\/wp-json\/wp\/v2\/media?parent=1232"}],"wp:term":[{"taxonomy":"category","embeddable":true,"href":"https:\/\/www.ifbaiano.edu.br\/unidades\/valenca\/wp-json\/wp\/v2\/categories?post=1232"},{"taxonomy":"post_tag","embeddable":true,"href":"https:\/\/www.ifbaiano.edu.br\/unidades\/valenca\/wp-json\/wp\/v2\/tags?post=1232"}],"curies":[{"name":"wp","href":"https:\/\/api.w.org\/{rel}","templated":true}]}}