{"id":1234,"date":"2012-01-18T07:47:08","date_gmt":"2012-01-18T07:47:08","guid":{"rendered":"http:\/\/www.ifbaiano.edu.br\/unidades\/valenca\/?p=1234"},"modified":"2012-02-07T12:52:46","modified_gmt":"2012-02-07T12:52:46","slug":"mec-divulga-o-resultado-do-sisu-2012","status":"publish","type":"post","link":"https:\/\/www.ifbaiano.edu.br\/unidades\/valenca\/2012\/01\/18\/mec-divulga-o-resultado-do-sisu-2012\/","title":{"rendered":"MEC divulga o resultado do SiSU 2012"},"content":{"rendered":"<p>O MEC divulgou na tarde do dia 13\/01\/2012 a rela\u00e7\u00e3o dos estudantes selecionados no Sistema de Sele\u00e7\u00e3o Unificada (SiSU). A lista de aprovados pode ser conferida atrav\u00e9s do site oficial do SiSU: <a href=\"http:\/\/sisu.mec.gov.br\/selecionados\">http:\/\/sisu.mec.gov.br\/selecionados<\/a> .<\/p>\n<p>O per\u00edodo de matr\u00edcula ser\u00e1 nos dias 19 e 20 de Janeiro de 2012. Para maiores informa\u00e7\u00f5es os estudantes dever\u00e3o entrar em contato com a institui\u00e7\u00e3o correspondente.<\/p>\n","protected":false},"excerpt":{"rendered":"<p>O MEC divulgou na tarde do dia 13\/01\/2012 a rela\u00e7\u00e3o dos estudantes selecionados no Sistema de Sele\u00e7\u00e3o Unificada (SiSU). A lista de aprovados pode ser conferida atrav\u00e9s do site oficial do SiSU: http:\/\/sisu.mec.gov.br\/selecionados . O per\u00edodo de matr\u00edcula ser\u00e1 nos dias 19 e 20 de Janeiro de 2012. Para maiores informa\u00e7\u00f5es os estudantes dever\u00e3o entrar [&hellip;]<\/p>\n","protected":false},"author":6,"featured_media":0,"comment_status":"open","ping_status":"open","sticky":false,"template":"","format":"standard","meta":[],"categories":[32],"tags":[],"_links":{"self":[{"href":"https:\/\/www.ifbaiano.edu.br\/unidades\/valenca\/wp-json\/wp\/v2\/posts\/1234"}],"collection":[{"href":"https:\/\/www.ifbaiano.edu.br\/unidades\/valenca\/wp-json\/wp\/v2\/posts"}],"about":[{"href":"https:\/\/www.ifbaiano.edu.br\/unidades\/valenca\/wp-json\/wp\/v2\/types\/post"}],"author":[{"embeddable":true,"href":"https:\/\/www.ifbaiano.edu.br\/unidades\/valenca\/wp-json\/wp\/v2\/users\/6"}],"replies":[{"embeddable":true,"href":"https:\/\/www.ifbaiano.edu.br\/unidades\/valenca\/wp-json\/wp\/v2\/comments?post=1234"}],"version-history":[{"count":4,"href":"https:\/\/www.ifbaiano.edu.br\/unidades\/valenca\/wp-json\/wp\/v2\/posts\/1234\/revisions"}],"predecessor-version":[{"id":1379,"href":"https:\/\/www.ifbaiano.edu.br\/unidades\/valenca\/wp-json\/wp\/v2\/posts\/1234\/revisions\/1379"}],"wp:attachment":[{"href":"https:\/\/www.ifbaiano.edu.br\/unidades\/valenca\/wp-json\/wp\/v2\/media?parent=1234"}],"wp:term":[{"taxonomy":"category","embeddable":true,"href":"https:\/\/www.ifbaiano.edu.br\/unidades\/valenca\/wp-json\/wp\/v2\/categories?post=1234"},{"taxonomy":"post_tag","embeddable":true,"href":"https:\/\/www.ifbaiano.edu.br\/unidades\/valenca\/wp-json\/wp\/v2\/tags?post=1234"}],"curies":[{"name":"wp","href":"https:\/\/api.w.org\/{rel}","templated":true}]}}