{"id":1245,"date":"2012-01-18T10:39:03","date_gmt":"2012-01-18T10:39:03","guid":{"rendered":"http:\/\/www.ifbaiano.edu.br\/unidades\/valenca\/?p=1245"},"modified":"2012-02-07T12:52:46","modified_gmt":"2012-02-07T12:52:46","slug":"selecao-simplificada-de-tutores-presenciais-para-os-cursos-ead","status":"publish","type":"post","link":"https:\/\/www.ifbaiano.edu.br\/unidades\/valenca\/2012\/01\/18\/selecao-simplificada-de-tutores-presenciais-para-os-cursos-ead\/","title":{"rendered":"Sele\u00e7\u00e3o simplificada de tutores presenciais para os Cursos EAD"},"content":{"rendered":"<p>Estar\u00e3o abertas, no per\u00edodo de 20\/01\/2012 a 25\/01\/2012, as inscri\u00e7\u00f5es para a sele\u00e7\u00e3o simplificada de tutores presenciais dos Cursos EaD.<\/p>\n<p>O Campus Valen\u00e7a oferece duas vagas.<\/p>\n<p>Acessar a <a href=\"http:\/\/www.ifbaiano.edu.br\/unidades\/valenca\/files\/2012\/01\/chamada.interna.tutores1-2012.pdf\">chamada interna<\/a>.<\/p>\n","protected":false},"excerpt":{"rendered":"<p>Estar\u00e3o abertas, no per\u00edodo de 20\/01\/2012 a 25\/01\/2012, as inscri\u00e7\u00f5es para a sele\u00e7\u00e3o simplificada de tutores presenciais dos Cursos EaD. O Campus Valen\u00e7a oferece duas vagas. Acessar a chamada interna.<\/p>\n","protected":false},"author":6,"featured_media":0,"comment_status":"closed","ping_status":"closed","sticky":false,"template":"","format":"standard","meta":[],"categories":[5],"tags":[],"_links":{"self":[{"href":"https:\/\/www.ifbaiano.edu.br\/unidades\/valenca\/wp-json\/wp\/v2\/posts\/1245"}],"collection":[{"href":"https:\/\/www.ifbaiano.edu.br\/unidades\/valenca\/wp-json\/wp\/v2\/posts"}],"about":[{"href":"https:\/\/www.ifbaiano.edu.br\/unidades\/valenca\/wp-json\/wp\/v2\/types\/post"}],"author":[{"embeddable":true,"href":"https:\/\/www.ifbaiano.edu.br\/unidades\/valenca\/wp-json\/wp\/v2\/users\/6"}],"replies":[{"embeddable":true,"href":"https:\/\/www.ifbaiano.edu.br\/unidades\/valenca\/wp-json\/wp\/v2\/comments?post=1245"}],"version-history":[{"count":5,"href":"https:\/\/www.ifbaiano.edu.br\/unidades\/valenca\/wp-json\/wp\/v2\/posts\/1245\/revisions"}],"predecessor-version":[{"id":1378,"href":"https:\/\/www.ifbaiano.edu.br\/unidades\/valenca\/wp-json\/wp\/v2\/posts\/1245\/revisions\/1378"}],"wp:attachment":[{"href":"https:\/\/www.ifbaiano.edu.br\/unidades\/valenca\/wp-json\/wp\/v2\/media?parent=1245"}],"wp:term":[{"taxonomy":"category","embeddable":true,"href":"https:\/\/www.ifbaiano.edu.br\/unidades\/valenca\/wp-json\/wp\/v2\/categories?post=1245"},{"taxonomy":"post_tag","embeddable":true,"href":"https:\/\/www.ifbaiano.edu.br\/unidades\/valenca\/wp-json\/wp\/v2\/tags?post=1245"}],"curies":[{"name":"wp","href":"https:\/\/api.w.org\/{rel}","templated":true}]}}