{"id":1251,"date":"2012-01-18T10:53:07","date_gmt":"2012-01-18T10:53:07","guid":{"rendered":"http:\/\/www.ifbaiano.edu.br\/unidades\/valenca\/?p=1251"},"modified":"2012-02-07T12:52:46","modified_gmt":"2012-02-07T12:52:46","slug":"copo-descartavel-mal-necessario-2","status":"publish","type":"post","link":"https:\/\/www.ifbaiano.edu.br\/unidades\/valenca\/2012\/01\/18\/copo-descartavel-mal-necessario-2\/","title":{"rendered":"Copo descart\u00e1vel: mal necess\u00e1rio?"},"content":{"rendered":"<p>Os copos descart\u00e1veis, bem como outros materiais da vida moderna, oferecem \u201cconforto\u201d aos usu\u00e1rios, sendo por vezes dif\u00edcil a sua substitui\u00e7\u00e3o. Entretanto, como na maioria dos casos, a sua substitui\u00e7\u00e3o \u00e9 vi\u00e1vel.<\/p>\n<p>Na palestra realizada em dezembro de 2011 com catador de materiais recicl\u00e1veis de Valen\u00e7a, Sr. M\u00e1rio, este nos informou que os copos n\u00e3o s\u00e3o mais coletados para reciclagem, j\u00e1 que as empresas n\u00e3o lucram com o processamento dos mesmos, haja vista que grande quantidade gera pouco peso (rela\u00e7\u00e3o peso x volume), al\u00e9m de outros vieses, como manipula\u00e7\u00e3o para coleta, res\u00edduos aderidos \u00e0 superf\u00edcie do copo, dentre outros; de forma que o destino final deste res\u00edduo, comumente \u00e9 o \u201clix\u00e3o\u201d!<\/p>\n<p>Pensando nisso e partindo do princ\u00edpio que \u201censinar exige a corporeifica\u00e7\u00e3o das palavras pelo exemplo\u201d (Paulo Freire), um grupo de trabalho est\u00e1 com propostas para mitigar este dano ambiental, enfrentado tamb\u00e9m pelo campus Valen\u00e7a.<\/p>\n<p>Em breve teremos novidades\u2026<\/p>\n<p>Fique ligado! Sempre teremos dicas de comportamento ambiental\u2026<\/p>\n<p align=\"right\">Por: \u00a0Prof. Fl\u00e1vio.<\/p>\n<p>&nbsp;<\/p>\n","protected":false},"excerpt":{"rendered":"<p>Os copos descart\u00e1veis, bem como outros materiais da vida moderna, oferecem \u201cconforto\u201d aos usu\u00e1rios, sendo por vezes dif\u00edcil a sua substitui\u00e7\u00e3o. Entretanto, como na maioria dos casos, a sua substitui\u00e7\u00e3o \u00e9 vi\u00e1vel. Na palestra realizada em dezembro de 2011 com catador de materiais recicl\u00e1veis de Valen\u00e7a, Sr. M\u00e1rio, este nos informou que os copos n\u00e3o [&hellip;]<\/p>\n","protected":false},"author":6,"featured_media":0,"comment_status":"open","ping_status":"open","sticky":false,"template":"","format":"standard","meta":[],"categories":[40],"tags":[],"_links":{"self":[{"href":"https:\/\/www.ifbaiano.edu.br\/unidades\/valenca\/wp-json\/wp\/v2\/posts\/1251"}],"collection":[{"href":"https:\/\/www.ifbaiano.edu.br\/unidades\/valenca\/wp-json\/wp\/v2\/posts"}],"about":[{"href":"https:\/\/www.ifbaiano.edu.br\/unidades\/valenca\/wp-json\/wp\/v2\/types\/post"}],"author":[{"embeddable":true,"href":"https:\/\/www.ifbaiano.edu.br\/unidades\/valenca\/wp-json\/wp\/v2\/users\/6"}],"replies":[{"embeddable":true,"href":"https:\/\/www.ifbaiano.edu.br\/unidades\/valenca\/wp-json\/wp\/v2\/comments?post=1251"}],"version-history":[{"count":4,"href":"https:\/\/www.ifbaiano.edu.br\/unidades\/valenca\/wp-json\/wp\/v2\/posts\/1251\/revisions"}],"predecessor-version":[{"id":1377,"href":"https:\/\/www.ifbaiano.edu.br\/unidades\/valenca\/wp-json\/wp\/v2\/posts\/1251\/revisions\/1377"}],"wp:attachment":[{"href":"https:\/\/www.ifbaiano.edu.br\/unidades\/valenca\/wp-json\/wp\/v2\/media?parent=1251"}],"wp:term":[{"taxonomy":"category","embeddable":true,"href":"https:\/\/www.ifbaiano.edu.br\/unidades\/valenca\/wp-json\/wp\/v2\/categories?post=1251"},{"taxonomy":"post_tag","embeddable":true,"href":"https:\/\/www.ifbaiano.edu.br\/unidades\/valenca\/wp-json\/wp\/v2\/tags?post=1251"}],"curies":[{"name":"wp","href":"https:\/\/api.w.org\/{rel}","templated":true}]}}