{"id":1256,"date":"2012-01-18T11:09:40","date_gmt":"2012-01-18T11:09:40","guid":{"rendered":"http:\/\/www.ifbaiano.edu.br\/unidades\/valenca\/?p=1256"},"modified":"2012-02-07T12:52:46","modified_gmt":"2012-02-07T12:52:46","slug":"if-baiano-prorroga-inscricoes-para-cursos-tecnicos-a-distancia","status":"publish","type":"post","link":"https:\/\/www.ifbaiano.edu.br\/unidades\/valenca\/2012\/01\/18\/if-baiano-prorroga-inscricoes-para-cursos-tecnicos-a-distancia\/","title":{"rendered":"IF Baiano prorroga inscri\u00e7\u00f5es para cursos t\u00e9cnicos a dist\u00e2ncia"},"content":{"rendered":"<p>S\u00e3o mais de 950 vagas espalhadas em 24 cidades da Bahia\u00a0para os cursos t\u00e9cnicos\u00a0de Administra\u00e7\u00e3o; Servi\u00e7os P\u00fablicos; e Eventos. <strong>As inscri\u00e7\u00f5es ocorrem somente pelo endere\u00e7o eletr\u00f4nico concursos.ifbaiano.edu.br e foram prorrogadas at\u00e9 o dia 23 de janeiro.<\/strong> Os candidatos devem ter conclu\u00eddo, no m\u00ednimo, o Ensino M\u00e9dio ou equivalente at\u00e9 a data da matr\u00edcula.<\/p>\n<p>O Processo Seletivo ser\u00e1 realizado em uma \u00fanica fase e corresponde \u00e0 avalia\u00e7\u00e3o curricular do Ensino M\u00e9dio nas disciplinas de L\u00edngua Portuguesa e Matem\u00e1tica.<\/p>\n<p>As inscri\u00e7\u00f5es s\u00e3o gratuitas e todos os cursos ser\u00e3o ministrados pelo Instituto Federal do Paran\u00e1, por meio da tecnologia do Ensino a Dist\u00e2ncia.<br \/>\nConfira o Edital de retifica\u00e7\u00e3o do Processo Seletivo em <a title=\"http:\/\/concursos.ifbaiano.edu.br\/\" href=\"http:\/\/concursos.ifbaiano.edu.br\/\" target=\"_blank\">http:\/\/concursos.ifbaiano.edu.br\/.<\/a><\/p>\n<p>Os estudantes come\u00e7am a estudar no primeiro semestre de 2012 em cursos da Educa\u00e7\u00e3o Profissional T\u00e9cnica.\u00a0<\/p>\n<p><strong>O qu\u00ea?<\/strong> Inscri\u00e7\u00f5es no Processo Seletivo para cursos t\u00e9cnicos a dist\u00e2ncia do IF Baiano<br \/>\n<strong>Quando?<\/strong> De 26 de dezembro de 2011 at\u00e9 23 de janeiro de 2012.<br \/>\n<strong>Onde?<\/strong><a title=\"http:\/\/concursos.ifbaiano.edu.br\/\" href=\"http:\/\/concursos.ifbaiano.edu.br\/\" target=\"_blank\"><strong> <\/strong>http:\/\/concursos.ifbaiano.edu.br\/<\/a><\/p>\n","protected":false},"excerpt":{"rendered":"<p>S\u00e3o mais de 950 vagas espalhadas em 24 cidades da Bahia\u00a0para os cursos t\u00e9cnicos\u00a0de Administra\u00e7\u00e3o; Servi\u00e7os P\u00fablicos; e Eventos. As inscri\u00e7\u00f5es ocorrem somente pelo endere\u00e7o eletr\u00f4nico concursos.ifbaiano.edu.br e foram prorrogadas at\u00e9 o dia 23 de janeiro. Os candidatos devem ter conclu\u00eddo, no m\u00ednimo, o Ensino M\u00e9dio ou equivalente at\u00e9 a data da matr\u00edcula. O Processo [&hellip;]<\/p>\n","protected":false},"author":6,"featured_media":0,"comment_status":"open","ping_status":"open","sticky":false,"template":"","format":"standard","meta":[],"categories":[9],"tags":[],"_links":{"self":[{"href":"https:\/\/www.ifbaiano.edu.br\/unidades\/valenca\/wp-json\/wp\/v2\/posts\/1256"}],"collection":[{"href":"https:\/\/www.ifbaiano.edu.br\/unidades\/valenca\/wp-json\/wp\/v2\/posts"}],"about":[{"href":"https:\/\/www.ifbaiano.edu.br\/unidades\/valenca\/wp-json\/wp\/v2\/types\/post"}],"author":[{"embeddable":true,"href":"https:\/\/www.ifbaiano.edu.br\/unidades\/valenca\/wp-json\/wp\/v2\/users\/6"}],"replies":[{"embeddable":true,"href":"https:\/\/www.ifbaiano.edu.br\/unidades\/valenca\/wp-json\/wp\/v2\/comments?post=1256"}],"version-history":[{"count":5,"href":"https:\/\/www.ifbaiano.edu.br\/unidades\/valenca\/wp-json\/wp\/v2\/posts\/1256\/revisions"}],"predecessor-version":[{"id":1375,"href":"https:\/\/www.ifbaiano.edu.br\/unidades\/valenca\/wp-json\/wp\/v2\/posts\/1256\/revisions\/1375"}],"wp:attachment":[{"href":"https:\/\/www.ifbaiano.edu.br\/unidades\/valenca\/wp-json\/wp\/v2\/media?parent=1256"}],"wp:term":[{"taxonomy":"category","embeddable":true,"href":"https:\/\/www.ifbaiano.edu.br\/unidades\/valenca\/wp-json\/wp\/v2\/categories?post=1256"},{"taxonomy":"post_tag","embeddable":true,"href":"https:\/\/www.ifbaiano.edu.br\/unidades\/valenca\/wp-json\/wp\/v2\/tags?post=1256"}],"curies":[{"name":"wp","href":"https:\/\/api.w.org\/{rel}","templated":true}]}}