{"id":1261,"date":"2012-01-21T23:26:34","date_gmt":"2012-01-21T23:26:34","guid":{"rendered":"http:\/\/www.ifbaiano.edu.br\/unidades\/valenca\/?p=1261"},"modified":"2012-02-07T12:52:45","modified_gmt":"2012-02-07T12:52:45","slug":"primeira-noite-do-projeto-conversando-com-as-estrelas-tem-por-tema-ciencia-ante-e-historia-o-que-elas-tem-em-comum","status":"publish","type":"post","link":"https:\/\/www.ifbaiano.edu.br\/unidades\/valenca\/2012\/01\/21\/primeira-noite-do-projeto-conversando-com-as-estrelas-tem-por-tema-ciencia-ante-e-historia-o-que-elas-tem-em-comum\/","title":{"rendered":"Primeira noite do &#8220;Projeto Conversando com as Estrelas\u201d tem por tema: Ci\u00eancia, Arte e Hist\u00f3ria&#8230; O que elas t\u00eam em comum?"},"content":{"rendered":"<p style=\"text-align: left\" align=\"center\">Na noite do dia 18\/01, o professor de F\u00edsica, Igor Chaves, deu in\u00edcio a\u00a0seu Projeto Conversando com as Estrelas, que tem como objetivo proporcionar aos alunos a observa\u00e7\u00e3o e o estudo dos astros em di\u00e1logo com outras \u00e1reas do conhecimento.<\/p>\n<p>\u00a0A primeira noite, organizada para os alunos da Segunda S\u00e9rie do Ensino M\u00e9dio do Campus, teve como tema \u201cCi\u00eancia, Arte e Hist\u00f3ria&#8230; O que elas t\u00eam em comum?\u201d, e contou com a participa\u00e7\u00e3o da professora de Hist\u00f3ria do Campus, Fabiane Andrade, que Coordenou um Sarau com os alunos; e o Sr. L\u00facio Andrade da Concei\u00e7\u00e3o (Pedagogo do IFBA) que dialogou sobre Natureza e Cultura Africana.<\/p>\n<p>A noite culminou com a observa\u00e7\u00e3o astron\u00f4mica de J\u00fapiter e suas Luas;\u00a0 Nebulosa de Orion; e as Pl\u00eaiades na constela\u00e7\u00e3o de touro \u2013 orientada pelo Prof. Igor Chaves.<\/p>\n<p><a href=\"http:\/\/www.ifbaiano.edu.br\/unidades\/valenca\/files\/2012\/01\/DSC0285.jpg\"><img decoding=\"async\" loading=\"lazy\" class=\"aligncenter size-full wp-image-1262\" src=\"http:\/\/www.ifbaiano.edu.br\/unidades\/valenca\/files\/2012\/01\/DSC0285.jpg\" alt=\"_DSC0285\" width=\"1072\" height=\"712\" \/><\/a><\/p>\n<p>&nbsp;<\/p>\n","protected":false},"excerpt":{"rendered":"<p>Na noite do dia 18\/01, o professor de F\u00edsica, Igor Chaves, deu in\u00edcio a\u00a0seu Projeto Conversando com as Estrelas, que tem como objetivo proporcionar aos alunos a observa\u00e7\u00e3o e o estudo dos astros em di\u00e1logo com outras \u00e1reas do conhecimento. \u00a0A primeira noite, organizada para os alunos da Segunda S\u00e9rie do Ensino M\u00e9dio do Campus, [&hellip;]<\/p>\n","protected":false},"author":6,"featured_media":0,"comment_status":"open","ping_status":"open","sticky":false,"template":"","format":"standard","meta":[],"categories":[5,26],"tags":[],"_links":{"self":[{"href":"https:\/\/www.ifbaiano.edu.br\/unidades\/valenca\/wp-json\/wp\/v2\/posts\/1261"}],"collection":[{"href":"https:\/\/www.ifbaiano.edu.br\/unidades\/valenca\/wp-json\/wp\/v2\/posts"}],"about":[{"href":"https:\/\/www.ifbaiano.edu.br\/unidades\/valenca\/wp-json\/wp\/v2\/types\/post"}],"author":[{"embeddable":true,"href":"https:\/\/www.ifbaiano.edu.br\/unidades\/valenca\/wp-json\/wp\/v2\/users\/6"}],"replies":[{"embeddable":true,"href":"https:\/\/www.ifbaiano.edu.br\/unidades\/valenca\/wp-json\/wp\/v2\/comments?post=1261"}],"version-history":[{"count":9,"href":"https:\/\/www.ifbaiano.edu.br\/unidades\/valenca\/wp-json\/wp\/v2\/posts\/1261\/revisions"}],"predecessor-version":[{"id":1374,"href":"https:\/\/www.ifbaiano.edu.br\/unidades\/valenca\/wp-json\/wp\/v2\/posts\/1261\/revisions\/1374"}],"wp:attachment":[{"href":"https:\/\/www.ifbaiano.edu.br\/unidades\/valenca\/wp-json\/wp\/v2\/media?parent=1261"}],"wp:term":[{"taxonomy":"category","embeddable":true,"href":"https:\/\/www.ifbaiano.edu.br\/unidades\/valenca\/wp-json\/wp\/v2\/categories?post=1261"},{"taxonomy":"post_tag","embeddable":true,"href":"https:\/\/www.ifbaiano.edu.br\/unidades\/valenca\/wp-json\/wp\/v2\/tags?post=1261"}],"curies":[{"name":"wp","href":"https:\/\/api.w.org\/{rel}","templated":true}]}}