{"id":1266,"date":"2012-01-22T00:00:08","date_gmt":"2012-01-22T00:00:08","guid":{"rendered":"http:\/\/www.ifbaiano.edu.br\/unidades\/valenca\/?p=1266"},"modified":"2012-02-07T13:14:10","modified_gmt":"2012-02-07T13:14:10","slug":"if-baiano-preve-oferta-de-doutorado-institucional-em-educacao-especial","status":"publish","type":"post","link":"https:\/\/www.ifbaiano.edu.br\/unidades\/valenca\/2012\/01\/22\/if-baiano-preve-oferta-de-doutorado-institucional-em-educacao-especial\/","title":{"rendered":"IF Baiano prev\u00ea oferta de Doutorado Institucional em Educa\u00e7\u00e3o Especial"},"content":{"rendered":"<p>O Instituto Federal de Educa\u00e7\u00e3o, Ci\u00eancia e Tecnologia Baiano prev\u00ea oferta de Doutorado Institucional em Educa\u00e7\u00e3o Especial para qualifica\u00e7\u00e3o de seus servidores.<\/p>\n<p>O curso de Aperfei\u00e7oamento de Profissional de N\u00edvel Superior \u00e9 ima Parceria do IF Baiano com a Universidade Federal de S\u00e3o Carlos. O Instituto aguarda orienta\u00e7\u00f5es prazos da CAPES para sua efetiva implanta\u00e7\u00e3o.<\/p>\n<p>\u00a0O Professor Convidado a Coordenar o Projeto \u00e9 o Dr. Em Qu\u00edmica Daniel Rodrigues Magalh\u00e3es.<\/p>\n","protected":false},"excerpt":{"rendered":"<p>O Instituto Federal de Educa\u00e7\u00e3o, Ci\u00eancia e Tecnologia Baiano prev\u00ea oferta de Doutorado Institucional em Educa\u00e7\u00e3o Especial para qualifica\u00e7\u00e3o de seus servidores. O curso de Aperfei\u00e7oamento de Profissional de N\u00edvel Superior \u00e9 ima Parceria do IF Baiano com a Universidade Federal de S\u00e3o Carlos. O Instituto aguarda orienta\u00e7\u00f5es prazos da CAPES para sua efetiva implanta\u00e7\u00e3o. [&hellip;]<\/p>\n","protected":false},"author":6,"featured_media":0,"comment_status":"open","ping_status":"open","sticky":false,"template":"","format":"standard","meta":[],"categories":[8],"tags":[],"_links":{"self":[{"href":"https:\/\/www.ifbaiano.edu.br\/unidades\/valenca\/wp-json\/wp\/v2\/posts\/1266"}],"collection":[{"href":"https:\/\/www.ifbaiano.edu.br\/unidades\/valenca\/wp-json\/wp\/v2\/posts"}],"about":[{"href":"https:\/\/www.ifbaiano.edu.br\/unidades\/valenca\/wp-json\/wp\/v2\/types\/post"}],"author":[{"embeddable":true,"href":"https:\/\/www.ifbaiano.edu.br\/unidades\/valenca\/wp-json\/wp\/v2\/users\/6"}],"replies":[{"embeddable":true,"href":"https:\/\/www.ifbaiano.edu.br\/unidades\/valenca\/wp-json\/wp\/v2\/comments?post=1266"}],"version-history":[{"count":5,"href":"https:\/\/www.ifbaiano.edu.br\/unidades\/valenca\/wp-json\/wp\/v2\/posts\/1266\/revisions"}],"predecessor-version":[{"id":1387,"href":"https:\/\/www.ifbaiano.edu.br\/unidades\/valenca\/wp-json\/wp\/v2\/posts\/1266\/revisions\/1387"}],"wp:attachment":[{"href":"https:\/\/www.ifbaiano.edu.br\/unidades\/valenca\/wp-json\/wp\/v2\/media?parent=1266"}],"wp:term":[{"taxonomy":"category","embeddable":true,"href":"https:\/\/www.ifbaiano.edu.br\/unidades\/valenca\/wp-json\/wp\/v2\/categories?post=1266"},{"taxonomy":"post_tag","embeddable":true,"href":"https:\/\/www.ifbaiano.edu.br\/unidades\/valenca\/wp-json\/wp\/v2\/tags?post=1266"}],"curies":[{"name":"wp","href":"https:\/\/api.w.org\/{rel}","templated":true}]}}